{"id":5729,"date":"2026-01-23T14:05:47","date_gmt":"2026-01-23T11:05:47","guid":{"rendered":"https:\/\/haksen.org.tr\/?p=5729"},"modified":"2026-01-23T14:05:49","modified_gmt":"2026-01-23T11:05:49","slug":"kaman-belediye-baskani-sn-emre-demirciyi-ziyaret","status":"publish","type":"post","link":"https:\/\/haksen.org.tr\/?p=5729","title":{"rendered":"Kaman Belediye Ba\u015fkan\u0131 Sn. Emre Demirci&#8217;yi ziyaret."},"content":{"rendered":"\n<p>Haksen Genel Ba\u015fkan\u0131 Ayhan \u00c7ivi, konfederasyonumuza ba\u011fl\u0131 Yeni Yerel-Sen y\u00f6netimiyle birlikte K\u0131r\u015fehir Kaman Belediye Ba\u015fkan\u0131 Say\u0131n Emre Demirci&#8217;yi ziyaret etti.<\/p>\n\n\n\n<p>Ziyarette, kar\u015f\u0131l\u0131kl\u0131 g\u00f6r\u00fc\u015f al\u0131\u015fveri\u015finde bulunuldu. <\/p>\n\n\n\n<p><\/p>\n","protected":false},"excerpt":{"rendered":"<p>Kaman Belediye Ba\u015fkan\u0131 Sn. Emre Demirci&#8217;yi ziyaret.<\/p>\n","protected":false},"author":1,"featured_media":5730,"comment_status":"closed","ping_status":"open","sticky":false,"template":"","format":"standard","meta":{"footnotes":""},"categories":[1,42],"tags":[],"class_list":{"0":"post-5729","1":"post","2":"type-post","3":"status-publish","4":"format-standard","5":"has-post-thumbnail","7":"category-haberler","8":"category-manset-haberleri"},"_links":{"self":[{"href":"https:\/\/haksen.org.tr\/index.php?rest_route=\/wp\/v2\/posts\/5729","targetHints":{"allow":["GET"]}}],"collection":[{"href":"https:\/\/haksen.org.tr\/index.php?rest_route=\/wp\/v2\/posts"}],"about":[{"href":"https:\/\/haksen.org.tr\/index.php?rest_route=\/wp\/v2\/types\/post"}],"author":[{"embeddable":true,"href":"https:\/\/haksen.org.tr\/index.php?rest_route=\/wp\/v2\/users\/1"}],"replies":[{"embeddable":true,"href":"https:\/\/haksen.org.tr\/index.php?rest_route=%2Fwp%2Fv2%2Fcomments&post=5729"}],"version-history":[{"count":1,"href":"https:\/\/haksen.org.tr\/index.php?rest_route=\/wp\/v2\/posts\/5729\/revisions"}],"predecessor-version":[{"id":5731,"href":"https:\/\/haksen.org.tr\/index.php?rest_route=\/wp\/v2\/posts\/5729\/revisions\/5731"}],"wp:featuredmedia":[{"embeddable":true,"href":"https:\/\/haksen.org.tr\/index.php?rest_route=\/wp\/v2\/media\/5730"}],"wp:attachment":[{"href":"https:\/\/haksen.org.tr\/index.php?rest_route=%2Fwp%2Fv2%2Fmedia&parent=5729"}],"wp:term":[{"taxonomy":"category","embeddable":true,"href":"https:\/\/haksen.org.tr\/index.php?rest_route=%2Fwp%2Fv2%2Fcategories&post=5729"},{"taxonomy":"post_tag","embeddable":true,"href":"https:\/\/haksen.org.tr\/index.php?rest_route=%2Fwp%2Fv2%2Ftags&post=5729"}],"curies":[{"name":"wp","href":"https:\/\/api.w.org\/{rel}","templated":true}]}}