{"id":5722,"date":"2026-01-23T13:57:50","date_gmt":"2026-01-23T10:57:50","guid":{"rendered":"https:\/\/haksen.org.tr\/?p=5722"},"modified":"2026-01-23T13:57:52","modified_gmt":"2026-01-23T10:57:52","slug":"adalet-bakanligina-ziyaret","status":"publish","type":"post","link":"https:\/\/haksen.org.tr\/?p=5722","title":{"rendered":"Adalet Bakanl\u0131\u011f\u0131&#8217;na ziyaret"},"content":{"rendered":"\n<p>Haksen Genel Ba\u015fkan\u0131 Ayhan \u00c7ivi beraberindeki heyetle birlikte Adalet Bakanl\u0131\u011f\u0131 Personel Genel M\u00fcd\u00fcrl\u00fc\u011f\u00fc g\u00f6revine atanan Say\u0131n Yusuf Soner \u00c7ift\u00e7io\u011flu&#8217;nu ziyaret etti.<\/p>\n\n\n\n<p>\u00c7ivi, yeni g\u00f6revi nedeniyle Say\u0131n \u00c7ift\u00e7io\u011flu&#8217;nu tebrik ederek ba\u015far\u0131lar diledi.<\/p>\n\n\n\n<p>Ziyarette, Adalet Bakanl\u0131\u011f\u0131 personelinin sendikam\u0131za iletti\u011fi konular\u0131 i\u00e7eren dosyam\u0131zda yer alan konularla ilgili kar\u015f\u0131l\u0131kl\u0131 g\u00f6r\u00fc\u015f al\u0131\u015fveri\u015finde bulunuldu.<\/p>\n\n\n\n<div data-wp-interactive=\"core\/file\" class=\"wp-block-file\"><object data-wp-bind--hidden=\"!state.hasPdfPreview\" hidden class=\"wp-block-file__embed\" data=\"https:\/\/haksen.org.tr\/wp-content\/uploads\/2026\/01\/taleplerimiz.pdf\" type=\"application\/pdf\" style=\"width:100%;height:600px\" aria-label=\"taleplerimiz g\u00f6m\u00fcs\u00fc.\"><\/object><a id=\"wp-block-file--media-a944a808-d94f-4f75-879e-691b5f822e97\" href=\"https:\/\/haksen.org.tr\/wp-content\/uploads\/2026\/01\/taleplerimiz.pdf\">taleplerimiz<\/a><a href=\"https:\/\/haksen.org.tr\/wp-content\/uploads\/2026\/01\/taleplerimiz.pdf\" class=\"wp-block-file__button wp-element-button\" download aria-describedby=\"wp-block-file--media-a944a808-d94f-4f75-879e-691b5f822e97\">\u0130ndir<\/a><\/div>\n\n\n\n<p><\/p>\n","protected":false},"excerpt":{"rendered":"<p>Adalet Bakanl\u0131\u011f\u0131&#8217;na ziyaret<\/p>\n","protected":false},"author":1,"featured_media":5723,"comment_status":"closed","ping_status":"open","sticky":false,"template":"","format":"standard","meta":{"footnotes":""},"categories":[1,42],"tags":[],"class_list":{"0":"post-5722","1":"post","2":"type-post","3":"status-publish","4":"format-standard","5":"has-post-thumbnail","7":"category-haberler","8":"category-manset-haberleri"},"_links":{"self":[{"href":"https:\/\/haksen.org.tr\/index.php?rest_route=\/wp\/v2\/posts\/5722","targetHints":{"allow":["GET"]}}],"collection":[{"href":"https:\/\/haksen.org.tr\/index.php?rest_route=\/wp\/v2\/posts"}],"about":[{"href":"https:\/\/haksen.org.tr\/index.php?rest_route=\/wp\/v2\/types\/post"}],"author":[{"embeddable":true,"href":"https:\/\/haksen.org.tr\/index.php?rest_route=\/wp\/v2\/users\/1"}],"replies":[{"embeddable":true,"href":"https:\/\/haksen.org.tr\/index.php?rest_route=%2Fwp%2Fv2%2Fcomments&post=5722"}],"version-history":[{"count":1,"href":"https:\/\/haksen.org.tr\/index.php?rest_route=\/wp\/v2\/posts\/5722\/revisions"}],"predecessor-version":[{"id":5725,"href":"https:\/\/haksen.org.tr\/index.php?rest_route=\/wp\/v2\/posts\/5722\/revisions\/5725"}],"wp:featuredmedia":[{"embeddable":true,"href":"https:\/\/haksen.org.tr\/index.php?rest_route=\/wp\/v2\/media\/5723"}],"wp:attachment":[{"href":"https:\/\/haksen.org.tr\/index.php?rest_route=%2Fwp%2Fv2%2Fmedia&parent=5722"}],"wp:term":[{"taxonomy":"category","embeddable":true,"href":"https:\/\/haksen.org.tr\/index.php?rest_route=%2Fwp%2Fv2%2Fcategories&post=5722"},{"taxonomy":"post_tag","embeddable":true,"href":"https:\/\/haksen.org.tr\/index.php?rest_route=%2Fwp%2Fv2%2Ftags&post=5722"}],"curies":[{"name":"wp","href":"https:\/\/api.w.org\/{rel}","templated":true}]}}