{"id":5567,"date":"2025-04-18T16:45:52","date_gmt":"2025-04-18T13:45:52","guid":{"rendered":"https:\/\/haksen.org.tr\/?p=5567"},"modified":"2025-04-18T16:45:53","modified_gmt":"2025-04-18T13:45:53","slug":"kirikkale-valisi-sayin-mehmet-makasi-ziyaret","status":"publish","type":"post","link":"https:\/\/haksen.org.tr\/?p=5567","title":{"rendered":"K\u0131r\u0131kkale Valisi Say\u0131n Mehmet Makas&#8217;\u0131 ziyaret"},"content":{"rendered":"\n<p>Haksen Genel Ba\u015fkan\u0131 Ayhan \u00c7ivi, E\u011fitim Hak-Sen Genel Ba\u015fkan\u0131 Hanifi G\u00f6k\u00e7ek, Yeni Yerel-Sen Genel Ba\u015fkan\u0131 Taner Baykal, Haksen Y\u00f6netim Kurulu \u00fcyesi Ferhat K\u00f6ksal, Yeni Yerel-Sen Genel Ba\u015fkan Yard\u0131mc\u0131s\u0131 Ferhat Erdo\u011fan, \u0130mar Hak-Sen K\u0131r\u0131kkale \u0130l Ba\u015fkan\u0131 Harun \u00d6zbek ve Valilik temsilcimiz Mehmet Ali Aytar&#8217;la birlikte K\u0131r\u0131kkale Valisi Say\u0131n Mehmet Makas&#8217;\u0131 makam\u0131nda ziyaret etti.<\/p>\n\n\n\n<p>Ziyarette; sendikam\u0131z\u0131n vizyonu ve \u00e7al\u0131\u015fmalar\u0131 hakk\u0131nda bilgi veren \u00c7ivi, kabul\u00fc ve konukseverli\u011fi nedeniyle te\u015fekk\u00fcr etti.<\/p>\n\n\n\n<p>Say\u0131n Valimiz, ziyaret nedeniyle heyetimize te\u015fekk\u00fcr ettiler.<\/p>\n","protected":false},"excerpt":{"rendered":"<p>K\u0131r\u0131kkale Valisi Say\u0131n Mehmet Makas&#8217;\u0131 ziyaret<\/p>\n","protected":false},"author":1,"featured_media":5568,"comment_status":"closed","ping_status":"open","sticky":false,"template":"","format":"standard","meta":{"footnotes":""},"categories":[1,42],"tags":[],"class_list":{"0":"post-5567","1":"post","2":"type-post","3":"status-publish","4":"format-standard","5":"has-post-thumbnail","7":"category-haberler","8":"category-manset-haberleri"},"_links":{"self":[{"href":"https:\/\/haksen.org.tr\/index.php?rest_route=\/wp\/v2\/posts\/5567","targetHints":{"allow":["GET"]}}],"collection":[{"href":"https:\/\/haksen.org.tr\/index.php?rest_route=\/wp\/v2\/posts"}],"about":[{"href":"https:\/\/haksen.org.tr\/index.php?rest_route=\/wp\/v2\/types\/post"}],"author":[{"embeddable":true,"href":"https:\/\/haksen.org.tr\/index.php?rest_route=\/wp\/v2\/users\/1"}],"replies":[{"embeddable":true,"href":"https:\/\/haksen.org.tr\/index.php?rest_route=%2Fwp%2Fv2%2Fcomments&post=5567"}],"version-history":[{"count":1,"href":"https:\/\/haksen.org.tr\/index.php?rest_route=\/wp\/v2\/posts\/5567\/revisions"}],"predecessor-version":[{"id":5569,"href":"https:\/\/haksen.org.tr\/index.php?rest_route=\/wp\/v2\/posts\/5567\/revisions\/5569"}],"wp:featuredmedia":[{"embeddable":true,"href":"https:\/\/haksen.org.tr\/index.php?rest_route=\/wp\/v2\/media\/5568"}],"wp:attachment":[{"href":"https:\/\/haksen.org.tr\/index.php?rest_route=%2Fwp%2Fv2%2Fmedia&parent=5567"}],"wp:term":[{"taxonomy":"category","embeddable":true,"href":"https:\/\/haksen.org.tr\/index.php?rest_route=%2Fwp%2Fv2%2Fcategories&post=5567"},{"taxonomy":"post_tag","embeddable":true,"href":"https:\/\/haksen.org.tr\/index.php?rest_route=%2Fwp%2Fv2%2Ftags&post=5567"}],"curies":[{"name":"wp","href":"https:\/\/api.w.org\/{rel}","templated":true}]}}