{"id":5121,"date":"2022-09-22T13:52:24","date_gmt":"2022-09-22T10:52:24","guid":{"rendered":"https:\/\/haksen.org.tr\/?p=5121"},"modified":"2022-09-22T13:52:26","modified_gmt":"2022-09-22T10:52:26","slug":"genel-baskan-civi-es-tvde-gundeme-iliskin-aciklamalar-yapti","status":"publish","type":"post","link":"https:\/\/haksen.org.tr\/?p=5121","title":{"rendered":"Genel Ba\u015fkan \u00c7ivi, Es Tv&#8217;de g\u00fcndeme ili\u015fkin a\u00e7\u0131klamalar yapt\u0131."},"content":{"rendered":"\n<p>Kamu \u00c7al\u0131\u015fanlar\u0131 Hak Sendikalar\u0131 Konfederasyonu (Haksen) Genel Ba\u015fkan\u0131 Ayhan \u00c7ivi, Es TV&#8217;de Gazeteci Kerem AKYIL&#8217;\u0131n sundu\u011fu &#8220;Ekstra G\u00fcndem&#8221; program\u0131na konuk oldu.<\/p>\n\n\n\n<p>Programda; Banka promosyonlar\u0131, s\u00f6zle\u015fmeli personel, 3600 ek g\u00f6sterge ile \u00e7al\u0131\u015fma ya\u015fam\u0131ndaki di\u011fer sorunlarla ilgili g\u00f6r\u00fc\u015flerini a\u00e7\u0131klad\u0131.<\/p>\n\n\n\n<figure class=\"wp-block-embed is-type-video is-provider-youtube wp-block-embed-youtube wp-embed-aspect-16-9 wp-has-aspect-ratio\"><div class=\"wp-block-embed__wrapper\">\n<div class=\"youtube-embed\" data-video_id=\"3xOEIicoKMc\"><iframe loading=\"lazy\" title=\"EKSTRA G\u00dcNDEM 20.09.2022\" width=\"696\" height=\"392\" src=\"https:\/\/www.youtube.com\/embed\/3xOEIicoKMc?feature=oembed&#038;enablejsapi=1\" frameborder=\"0\" allow=\"accelerometer; autoplay; clipboard-write; encrypted-media; gyroscope; picture-in-picture\" allowfullscreen><\/iframe><\/div>\n<\/div><\/figure>\n","protected":false},"excerpt":{"rendered":"<p>Genel Ba\u015fkan \u00c7ivi, Es Tv&#8217;de g\u00fcndeme ili\u015fkin a\u00e7\u0131klamalar yapt\u0131.<\/p>\n","protected":false},"author":1,"featured_media":5122,"comment_status":"closed","ping_status":"open","sticky":false,"template":"","format":"standard","meta":{"footnotes":""},"categories":[1,42],"tags":[],"class_list":{"0":"post-5121","1":"post","2":"type-post","3":"status-publish","4":"format-standard","5":"has-post-thumbnail","7":"category-haberler","8":"category-manset-haberleri"},"_links":{"self":[{"href":"https:\/\/haksen.org.tr\/index.php?rest_route=\/wp\/v2\/posts\/5121","targetHints":{"allow":["GET"]}}],"collection":[{"href":"https:\/\/haksen.org.tr\/index.php?rest_route=\/wp\/v2\/posts"}],"about":[{"href":"https:\/\/haksen.org.tr\/index.php?rest_route=\/wp\/v2\/types\/post"}],"author":[{"embeddable":true,"href":"https:\/\/haksen.org.tr\/index.php?rest_route=\/wp\/v2\/users\/1"}],"replies":[{"embeddable":true,"href":"https:\/\/haksen.org.tr\/index.php?rest_route=%2Fwp%2Fv2%2Fcomments&post=5121"}],"version-history":[{"count":1,"href":"https:\/\/haksen.org.tr\/index.php?rest_route=\/wp\/v2\/posts\/5121\/revisions"}],"predecessor-version":[{"id":5123,"href":"https:\/\/haksen.org.tr\/index.php?rest_route=\/wp\/v2\/posts\/5121\/revisions\/5123"}],"wp:featuredmedia":[{"embeddable":true,"href":"https:\/\/haksen.org.tr\/index.php?rest_route=\/wp\/v2\/media\/5122"}],"wp:attachment":[{"href":"https:\/\/haksen.org.tr\/index.php?rest_route=%2Fwp%2Fv2%2Fmedia&parent=5121"}],"wp:term":[{"taxonomy":"category","embeddable":true,"href":"https:\/\/haksen.org.tr\/index.php?rest_route=%2Fwp%2Fv2%2Fcategories&post=5121"},{"taxonomy":"post_tag","embeddable":true,"href":"https:\/\/haksen.org.tr\/index.php?rest_route=%2Fwp%2Fv2%2Ftags&post=5121"}],"curies":[{"name":"wp","href":"https:\/\/api.w.org\/{rel}","templated":true}]}}