{"id":3777,"date":"2018-01-07T22:00:56","date_gmt":"2018-01-07T19:00:56","guid":{"rendered":"http:\/\/haksen.org.tr\/?p=3777"},"modified":"2018-01-08T19:05:48","modified_gmt":"2018-01-08T16:05:48","slug":"sendikamiz-basin-koordinatorlugune-yusuf-karacor-getirilmistir","status":"publish","type":"post","link":"https:\/\/haksen.org.tr\/?p=3777","title":{"rendered":"Sendikam\u0131z Bas\u0131n Koordinat\u00f6rl\u00fc\u011f\u00fcne Yusuf Kara\u00e7or getirilmi\u015ftir."},"content":{"rendered":"<p>Y\u00f6netim kurulumuzun ald\u0131\u011f\u0131 karar uyar\u0131nca;<br \/>\nKonfederasyonumuzun bas\u0131n ve halkla ili\u015fkilerini koordine etmek, sosyal medya hesaplar\u0131n\u0131 y\u00f6netmek \u00fczere B\u00fcro Hak-Sen \u00fcyesi Yusuf Kara\u00e7or g\u00f6revlendirilmi\u015ftir.<\/p>\n<p>Kamuoyuna duyurulur.<\/p>\n","protected":false},"excerpt":{"rendered":"<p>Y\u00f6netim kurulumuzun ald\u0131\u011f\u0131 karar uyar\u0131nca;sendikam\u0131z Bas\u0131n Koordinat\u00f6rl\u00fc\u011f\u00fcne Yusuf KARA\u00c7OR getirilmi\u015ftir.<\/p>\n","protected":false},"author":1,"featured_media":3785,"comment_status":"open","ping_status":"open","sticky":false,"template":"","format":"standard","meta":{"footnotes":""},"categories":[97],"tags":[],"class_list":{"0":"post-3777","1":"post","2":"type-post","3":"status-publish","4":"format-standard","5":"has-post-thumbnail","7":"category-duyurular"},"_links":{"self":[{"href":"https:\/\/haksen.org.tr\/index.php?rest_route=\/wp\/v2\/posts\/3777","targetHints":{"allow":["GET"]}}],"collection":[{"href":"https:\/\/haksen.org.tr\/index.php?rest_route=\/wp\/v2\/posts"}],"about":[{"href":"https:\/\/haksen.org.tr\/index.php?rest_route=\/wp\/v2\/types\/post"}],"author":[{"embeddable":true,"href":"https:\/\/haksen.org.tr\/index.php?rest_route=\/wp\/v2\/users\/1"}],"replies":[{"embeddable":true,"href":"https:\/\/haksen.org.tr\/index.php?rest_route=%2Fwp%2Fv2%2Fcomments&post=3777"}],"version-history":[{"count":3,"href":"https:\/\/haksen.org.tr\/index.php?rest_route=\/wp\/v2\/posts\/3777\/revisions"}],"predecessor-version":[{"id":3786,"href":"https:\/\/haksen.org.tr\/index.php?rest_route=\/wp\/v2\/posts\/3777\/revisions\/3786"}],"wp:featuredmedia":[{"embeddable":true,"href":"https:\/\/haksen.org.tr\/index.php?rest_route=\/wp\/v2\/media\/3785"}],"wp:attachment":[{"href":"https:\/\/haksen.org.tr\/index.php?rest_route=%2Fwp%2Fv2%2Fmedia&parent=3777"}],"wp:term":[{"taxonomy":"category","embeddable":true,"href":"https:\/\/haksen.org.tr\/index.php?rest_route=%2Fwp%2Fv2%2Fcategories&post=3777"},{"taxonomy":"post_tag","embeddable":true,"href":"https:\/\/haksen.org.tr\/index.php?rest_route=%2Fwp%2Fv2%2Ftags&post=3777"}],"curies":[{"name":"wp","href":"https:\/\/api.w.org\/{rel}","templated":true}]}}