{"id":3760,"date":"2017-12-07T14:11:23","date_gmt":"2017-12-07T11:11:23","guid":{"rendered":"http:\/\/haksen.org.tr\/?p=3760"},"modified":"2017-12-07T14:11:23","modified_gmt":"2017-12-07T11:11:23","slug":"panel-kamu-personel-rejiminde-statu-farkliligi","status":"publish","type":"post","link":"https:\/\/haksen.org.tr\/?p=3760","title":{"rendered":"Panel: Kamu Personel Rejiminde Stat\u00fc Farkl\u0131l\u0131\u011f\u0131"},"content":{"rendered":"<p>Haksen konfederasyonu taraf\u0131ndan, Kamu personeli a\u00e7\u0131s\u0131ndan farkl\u0131 \u00e7al\u0131\u015fma ko\u015fullar\u0131n\u0131n ortaya \u00e7\u0131kmas\u0131na neden olan stat\u00fc farkl\u0131l\u0131\u011f\u0131n\u0131 t\u00fcm y\u00f6nleriyle tart\u0131\u015f\u0131lacak olan bir panel d\u00fczenlenecek.<\/p>\n<p>Panelde; Kamu kurum ve kurulu\u015flar\u0131nda kadrolu,kadro kar\u015f\u0131l\u0131\u011f\u0131 s\u00f6zle\u015fmeli 4\/B s\u00f6zle\u015fmeli, 4\/C\u2019li, 399\u2019a tabi s\u00f6zle\u015fmeli , idari hizmet s\u00f6zle\u015fmeli, vekil memur , ta\u015feron vb farkl\u0131 stat\u00fclerde personel istihdam\u0131n\u0131 hukuk, personel rejimi ve sendikal \u00f6rg\u00fctlenme boyutuyla de\u011ferlendirilecek.<\/p>\n<p>Panel: 9 Aral\u0131k 2017 tarihinde saat 11:00 de<\/p>\n<p>Kumrular Caddesi No:26 K\u0131z\u0131lay\/Ankara<\/p>\n<p>Ankara Serbest Mali M\u00fc\u015favirler Odas\u0131 Konferans Salonunda yap\u0131lacak.<\/p>\n<p>Panele:<\/p>\n<ul>\n<li>Umut YANARDA\u011e (Haksen E\u011fitim Koordinat\u00f6r\u00fc)<\/li>\n<li>Do\u00e7.Dr. Y\u00fccel UYANIK (Gazi \u00dcnv. \u00c7al\u0131\u015fma Eko. ve End\u00fcstri \u0130li\u015fkileri Bl.)<\/li>\n<li>G\u00f6khan CANDO\u011eAN (Hukuk\u00e7u)<\/li>\n<li>\u015eahin Ali \u015eEN (Yazar)<\/li>\n<\/ul>\n<p>panelist olarak kat\u0131lacak.<\/p>\n<p>&nbsp;<\/p>\n","protected":false},"excerpt":{"rendered":"<p> Panelde, kamu personeli a\u00e7\u0131s\u0131ndan farkl\u0131 \u00e7al\u0131\u015fma ko\u015fullar\u0131n\u0131n ortaya \u00e7\u0131kmas\u0131na neden olan stat\u00fc farkl\u0131l\u0131\u011f\u0131n\u0131 t\u00fcm y\u00f6nleriyle masaya yat\u0131r\u0131lacak. <\/p>\n","protected":false},"author":1,"featured_media":3761,"comment_status":"open","ping_status":"open","sticky":false,"template":"","format":"standard","meta":{"footnotes":""},"categories":[1,42],"tags":[],"class_list":{"0":"post-3760","1":"post","2":"type-post","3":"status-publish","4":"format-standard","5":"has-post-thumbnail","7":"category-haberler","8":"category-manset-haberleri"},"_links":{"self":[{"href":"https:\/\/haksen.org.tr\/index.php?rest_route=\/wp\/v2\/posts\/3760","targetHints":{"allow":["GET"]}}],"collection":[{"href":"https:\/\/haksen.org.tr\/index.php?rest_route=\/wp\/v2\/posts"}],"about":[{"href":"https:\/\/haksen.org.tr\/index.php?rest_route=\/wp\/v2\/types\/post"}],"author":[{"embeddable":true,"href":"https:\/\/haksen.org.tr\/index.php?rest_route=\/wp\/v2\/users\/1"}],"replies":[{"embeddable":true,"href":"https:\/\/haksen.org.tr\/index.php?rest_route=%2Fwp%2Fv2%2Fcomments&post=3760"}],"version-history":[{"count":1,"href":"https:\/\/haksen.org.tr\/index.php?rest_route=\/wp\/v2\/posts\/3760\/revisions"}],"predecessor-version":[{"id":3762,"href":"https:\/\/haksen.org.tr\/index.php?rest_route=\/wp\/v2\/posts\/3760\/revisions\/3762"}],"wp:featuredmedia":[{"embeddable":true,"href":"https:\/\/haksen.org.tr\/index.php?rest_route=\/wp\/v2\/media\/3761"}],"wp:attachment":[{"href":"https:\/\/haksen.org.tr\/index.php?rest_route=%2Fwp%2Fv2%2Fmedia&parent=3760"}],"wp:term":[{"taxonomy":"category","embeddable":true,"href":"https:\/\/haksen.org.tr\/index.php?rest_route=%2Fwp%2Fv2%2Fcategories&post=3760"},{"taxonomy":"post_tag","embeddable":true,"href":"https:\/\/haksen.org.tr\/index.php?rest_route=%2Fwp%2Fv2%2Ftags&post=3760"}],"curies":[{"name":"wp","href":"https:\/\/api.w.org\/{rel}","templated":true}]}}