{"id":3751,"date":"2017-11-15T13:56:03","date_gmt":"2017-11-15T10:56:03","guid":{"rendered":"http:\/\/haksen.org.tr\/?p=3751"},"modified":"2017-11-15T13:56:03","modified_gmt":"2017-11-15T10:56:03","slug":"mubasirlere-vurulan-pranga-kaldirilmalidir","status":"publish","type":"post","link":"https:\/\/haksen.org.tr\/?p=3751","title":{"rendered":"M\u00fcba\u015firlere vurulan pranga kald\u0131r\u0131lmal\u0131d\u0131r"},"content":{"rendered":"<p>Kamu \u00c7al\u0131\u015fanlar\u0131 Hak Sendikalar\u0131 (HAKSEN) Konfederasyonu Genel Ba\u015fkan\u0131 Ayhan \u00c7ivi, yarg\u0131da g\u00f6rev yapan m\u00fcba\u015firlere vurulan prangan\u0131n kald\u0131r\u0131lmas\u0131 i\u00e7in genel idari hizmetler s\u0131n\u0131f\u0131na al\u0131nmas\u0131 gerekti\u011fini, s\u00f6yledi.<\/p>\n<p>\u00c7ivi, yapt\u0131\u011f\u0131 yaz\u0131l\u0131 a\u00e7\u0131klamada \u015funlar\u0131 s\u00f6yledi;<\/p>\n<p>\u201cM\u00fcba\u015firler yarg\u0131 hizmetlerini y\u00fcr\u00fct\u00fcrken \u00fcniformaya sahip \u00e7al\u0131\u015fanlard\u0131r. Nas\u0131l ki; bir polis, bir itfaiye eri, bir ordu mensubu resmi \u00fcniforma ile g\u00f6rev yaparken genel idari hizmetleri s\u0131n\u0131f\u0131ndan say\u0131l\u0131yor ve \u00f6zel k\u0131l\u0131n\u0131yorsa, yarg\u0131n\u0131n \u00fcniformal\u0131 fedak\u00e2r ve cefak\u00e2r \u00e7al\u0131\u015fan\u0131 olan m\u00fcba\u015firleri genel idari hizmetleri s\u0131n\u0131f\u0131n\u0131 hak etmektedir.<\/p>\n<p>Bu \u00fcniforma i\u00e7erisindeki m\u00fcba\u015firlerimizi hizmetli olarak kabul etmek m\u00fcmk\u00fcn de\u011fildir. Kalem i\u015flemlerinin y\u00fcr\u00fct\u00fclmesinde, kalem ile ba\u015fkan, ba\u015fkan ile \u00fcyeler, kalem ile \u00fcyeler aras\u0131ndaki koordinasyonunun sa\u011flanmas\u0131nda, duru\u015fmada ba\u015fkan ve \u00fcyeler taraf\u0131ndan verilen i\u015fleri yaparken, duru\u015fman\u0131n d\u00fczen ve intizam\u0131n\u0131 sa\u011flanmas\u0131nda, mahkemeye ait posta evraklar\u0131 ile di\u011fer g\u00f6revleri yerine getiren tozlanm\u0131\u015f ar\u015fiv odalar\u0131nda y\u0131llanm\u0131\u015f dosyalar\u0131n\u0131n ar\u015fivlenmesi ve bunlar\u0131n ayr\u0131lmas\u0131n\u0131 sa\u011flamas\u0131nda, ke\u015fiflerde \u00fcniformal\u0131 olarak g\u00f6rev alan ve ke\u015fif mahallinin nizam ve intizam\u0131n\u0131 sa\u011flanmas\u0131nda \u00f6nemli g\u00f6revler \u00fcstlenen m\u00fcba\u015firlerin GENEL \u0130DAR\u0130 H\u0130ZMETLER SINIFINI hak etmektedir.<\/p>\n<p>Bilindi\u011fi gibi m\u00fcba\u015firlerin g\u00f6revlerini yerine getirirken ne kadar fedak\u00e2r ve cefak\u00e2r bir \u015fekilde \u00e7al\u0131\u015ft\u0131klar\u0131n\u0131, onlars\u0131z ne bir ke\u015ffin, ne bir duru\u015fman\u0131n ne de kalem i\u015flemleri ile ar\u015fiv i\u015flemlerinin yerine getirilmesi m\u00fcmk\u00fcn de\u011fildir.<\/p>\n<p>M\u00fcba\u015firlerin hakk\u0131n\u0131n teslim edece\u011fine dair hi\u00e7 bir \u015f\u00fcphemiz olmad\u0131\u011f\u0131 i\u00e7in Genel \u0130dari Hizmetler s\u0131n\u0131f\u0131na d\u00e2hil edilmelerinin sa\u011flayaca\u011f\u0131n\u0131z\u0131 inan\u0131yoruz.<\/p>\n<p>Y\u00fcr\u00fctt\u00fckleri g\u00f6revlerinin hem asli hem de s\u00fcrekli hizmetler olmas\u0131 nedeniyle m\u00fcba\u015firlerin Genel \u0130dari Hizmetler S\u0131n\u0131f\u0131na d\u00e2hil edilmesi, hem bir hakk\u0131n teslimi hem de Adaletin terazisindeki dengenin e\u015fit olmas\u0131n\u0131 sa\u011flayacakt\u0131r.\u00a0\u201c<\/p>\n<p>&nbsp;<\/p>\n","protected":false},"excerpt":{"rendered":"<p>Haksen Genel Ba\u015fkan\u0131 Ayhan \u00c7ivi, yarg\u0131da g\u00f6rev yapan m\u00fcba\u015firlere vurulan prangan\u0131n kald\u0131r\u0131lmas\u0131n\u0131, istedi. i<\/p>\n","protected":false},"author":1,"featured_media":3752,"comment_status":"open","ping_status":"open","sticky":false,"template":"","format":"standard","meta":{"footnotes":""},"categories":[1,42],"tags":[],"class_list":{"0":"post-3751","1":"post","2":"type-post","3":"status-publish","4":"format-standard","5":"has-post-thumbnail","7":"category-haberler","8":"category-manset-haberleri"},"_links":{"self":[{"href":"https:\/\/haksen.org.tr\/index.php?rest_route=\/wp\/v2\/posts\/3751","targetHints":{"allow":["GET"]}}],"collection":[{"href":"https:\/\/haksen.org.tr\/index.php?rest_route=\/wp\/v2\/posts"}],"about":[{"href":"https:\/\/haksen.org.tr\/index.php?rest_route=\/wp\/v2\/types\/post"}],"author":[{"embeddable":true,"href":"https:\/\/haksen.org.tr\/index.php?rest_route=\/wp\/v2\/users\/1"}],"replies":[{"embeddable":true,"href":"https:\/\/haksen.org.tr\/index.php?rest_route=%2Fwp%2Fv2%2Fcomments&post=3751"}],"version-history":[{"count":1,"href":"https:\/\/haksen.org.tr\/index.php?rest_route=\/wp\/v2\/posts\/3751\/revisions"}],"predecessor-version":[{"id":3753,"href":"https:\/\/haksen.org.tr\/index.php?rest_route=\/wp\/v2\/posts\/3751\/revisions\/3753"}],"wp:featuredmedia":[{"embeddable":true,"href":"https:\/\/haksen.org.tr\/index.php?rest_route=\/wp\/v2\/media\/3752"}],"wp:attachment":[{"href":"https:\/\/haksen.org.tr\/index.php?rest_route=%2Fwp%2Fv2%2Fmedia&parent=3751"}],"wp:term":[{"taxonomy":"category","embeddable":true,"href":"https:\/\/haksen.org.tr\/index.php?rest_route=%2Fwp%2Fv2%2Fcategories&post=3751"},{"taxonomy":"post_tag","embeddable":true,"href":"https:\/\/haksen.org.tr\/index.php?rest_route=%2Fwp%2Fv2%2Ftags&post=3751"}],"curies":[{"name":"wp","href":"https:\/\/api.w.org\/{rel}","templated":true}]}}