{"id":3742,"date":"2017-11-14T12:36:18","date_gmt":"2017-11-14T09:36:18","guid":{"rendered":"http:\/\/haksen.org.tr\/?p=3742"},"modified":"2017-11-14T12:36:18","modified_gmt":"2017-11-14T09:36:18","slug":"atamizi-sevgisaygi-ozlemle-aniyoruz","status":"publish","type":"post","link":"https:\/\/haksen.org.tr\/?p=3742","title":{"rendered":"Ata&#8217;m\u0131z\u0131 sevgi,sayg\u0131 ve \u00f6zlemle an\u0131yoruz"},"content":{"rendered":"<p>Ebediyete intikalinin 79 uncu y\u0131l\u0131nda b\u00fcy\u00fck \u00f6nderimiz Gazi Mustafa Kemal Atat\u00fcrk&#8217;\u00fc sevgi,sayg\u0131 ve \u00f6zlemle an\u0131yoruz.<\/p>\n<p>Anma etkinlikleri kapsam\u0131nda Haksen Genel Ba\u015fkan\u0131 Ayhan \u00c7ivi beraberindeki heyetle birlikte An\u0131tkabir&#8217;i ziyaret ederek, mozoleye karanfil b\u0131rakt\u0131.<\/p>\n<p>\u00c7ivi, yapt\u0131\u011f\u0131 yaz\u0131l\u0131 a\u00e7\u0131klamada; Her t\u00fcrl\u00fc harici ve dahili d\u00fc\u015fmanlara kar\u015f\u0131 b\u00fcy\u00fck \u00f6nderimiz Gazi Mustafa Kemal Atat\u00fcrk&#8217;\u00fcn bizlere emanet etti\u011fi T\u00fcrkiye Cumhuriyeti Devleti sonsuza kadar ya\u015fayacakt\u0131r, dedi.<\/p>\n<p><img loading=\"lazy\" decoding=\"async\" class=\"alignnone size-medium wp-image-3744\" src=\"http:\/\/haksen.org.tr\/wp-content\/uploads\/2017\/11\/ata3-300x225.jpg\" alt=\"\" width=\"300\" height=\"225\" srcset=\"https:\/\/haksen.org.tr\/wp-content\/uploads\/2017\/11\/ata3-300x225.jpg 300w, https:\/\/haksen.org.tr\/wp-content\/uploads\/2017\/11\/ata3-768x576.jpg 768w, https:\/\/haksen.org.tr\/wp-content\/uploads\/2017\/11\/ata3-80x60.jpg 80w, https:\/\/haksen.org.tr\/wp-content\/uploads\/2017\/11\/ata3-265x198.jpg 265w, https:\/\/haksen.org.tr\/wp-content\/uploads\/2017\/11\/ata3-696x522.jpg 696w, https:\/\/haksen.org.tr\/wp-content\/uploads\/2017\/11\/ata3-560x420.jpg 560w, https:\/\/haksen.org.tr\/wp-content\/uploads\/2017\/11\/ata3.jpg 800w\" sizes=\"auto, (max-width: 300px) 100vw, 300px\" \/><img loading=\"lazy\" decoding=\"async\" class=\"alignnone size-medium wp-image-3745\" src=\"http:\/\/haksen.org.tr\/wp-content\/uploads\/2017\/11\/ata2-300x225.jpg\" alt=\"\" width=\"300\" height=\"225\" srcset=\"https:\/\/haksen.org.tr\/wp-content\/uploads\/2017\/11\/ata2-300x225.jpg 300w, https:\/\/haksen.org.tr\/wp-content\/uploads\/2017\/11\/ata2-768x576.jpg 768w, https:\/\/haksen.org.tr\/wp-content\/uploads\/2017\/11\/ata2-80x60.jpg 80w, https:\/\/haksen.org.tr\/wp-content\/uploads\/2017\/11\/ata2-265x198.jpg 265w, https:\/\/haksen.org.tr\/wp-content\/uploads\/2017\/11\/ata2-696x522.jpg 696w, https:\/\/haksen.org.tr\/wp-content\/uploads\/2017\/11\/ata2-560x420.jpg 560w, https:\/\/haksen.org.tr\/wp-content\/uploads\/2017\/11\/ata2.jpg 800w\" sizes=\"auto, (max-width: 300px) 100vw, 300px\" \/><\/p>\n","protected":false},"excerpt":{"rendered":"<p>Ata&#8217;m\u0131z\u0131 sevgi,sayg\u0131 ve \u00f6zlemle an\u0131yoruz<\/p>\n","protected":false},"author":1,"featured_media":3743,"comment_status":"open","ping_status":"open","sticky":false,"template":"","format":"standard","meta":{"footnotes":""},"categories":[1,42],"tags":[],"class_list":{"0":"post-3742","1":"post","2":"type-post","3":"status-publish","4":"format-standard","5":"has-post-thumbnail","7":"category-haberler","8":"category-manset-haberleri"},"_links":{"self":[{"href":"https:\/\/haksen.org.tr\/index.php?rest_route=\/wp\/v2\/posts\/3742","targetHints":{"allow":["GET"]}}],"collection":[{"href":"https:\/\/haksen.org.tr\/index.php?rest_route=\/wp\/v2\/posts"}],"about":[{"href":"https:\/\/haksen.org.tr\/index.php?rest_route=\/wp\/v2\/types\/post"}],"author":[{"embeddable":true,"href":"https:\/\/haksen.org.tr\/index.php?rest_route=\/wp\/v2\/users\/1"}],"replies":[{"embeddable":true,"href":"https:\/\/haksen.org.tr\/index.php?rest_route=%2Fwp%2Fv2%2Fcomments&post=3742"}],"version-history":[{"count":1,"href":"https:\/\/haksen.org.tr\/index.php?rest_route=\/wp\/v2\/posts\/3742\/revisions"}],"predecessor-version":[{"id":3746,"href":"https:\/\/haksen.org.tr\/index.php?rest_route=\/wp\/v2\/posts\/3742\/revisions\/3746"}],"wp:featuredmedia":[{"embeddable":true,"href":"https:\/\/haksen.org.tr\/index.php?rest_route=\/wp\/v2\/media\/3743"}],"wp:attachment":[{"href":"https:\/\/haksen.org.tr\/index.php?rest_route=%2Fwp%2Fv2%2Fmedia&parent=3742"}],"wp:term":[{"taxonomy":"category","embeddable":true,"href":"https:\/\/haksen.org.tr\/index.php?rest_route=%2Fwp%2Fv2%2Fcategories&post=3742"},{"taxonomy":"post_tag","embeddable":true,"href":"https:\/\/haksen.org.tr\/index.php?rest_route=%2Fwp%2Fv2%2Ftags&post=3742"}],"curies":[{"name":"wp","href":"https:\/\/api.w.org\/{rel}","templated":true}]}}