{"id":3733,"date":"2017-10-03T16:03:28","date_gmt":"2017-10-03T13:03:28","guid":{"rendered":"http:\/\/haksen.org.tr\/?p=3733"},"modified":"2017-10-03T16:03:28","modified_gmt":"2017-10-03T13:03:28","slug":"ankara-bolge-toplantisi-yapildi","status":"publish","type":"post","link":"https:\/\/haksen.org.tr\/?p=3733","title":{"rendered":"Ankara B\u00f6lge Toplant\u0131s\u0131 yap\u0131ld\u0131"},"content":{"rendered":"<p>Konfederasyonumuzun 2017-2018 \u00e7al\u0131\u015fma program\u0131 kapsam\u0131ndaki ilk etkinli\u011fi ; Haksen&#8217;e \u00fcye sendikalar\u0131n Ankara&#8217;da g\u00f6rev yapan genel merkez ve \u015fube y\u00f6neticileriyle i\u015fyeri temsilcilerinin kat\u0131ld\u0131\u011f\u0131 Ankara B\u00f6lge Toplant\u0131s\u0131,\u00a0 30 Eyl\u00fcl 2017 Cumartesi g\u00fcn\u00fc Koop-\u0130\u015f sendikas\u0131 konferans salonunda yap\u0131ld\u0131.<\/p>\n<p>Sayg\u0131 duru\u015fu ve \u0130stiklal Mar\u015f\u0131&#8217;n\u0131n okunmas\u0131n\u0131n ard\u0131ndan a\u00e7\u0131l\u0131\u015f konu\u015fmas\u0131n\u0131 Haksen Genel Ba\u015fkan\u0131 Ayhan \u00c7ivi , yapt\u0131.<\/p>\n<p>\u00c7ivi konu\u015fmas\u0131nda; Haksen&#8217;in siyasi ve ideolojik sendikac\u0131l\u0131\u011fa kar\u015f\u0131 bug\u00fcne kadar duru\u015funda hi\u00e7bir taviz vermedi\u011fini belirterek, t\u00fcm kamu g\u00f6revlilerinin de bu ger\u00e7e\u011fi g\u00f6receklerini, s\u00f6yledi.<\/p>\n<p>A\u011fustos ay\u0131nda yap\u0131lan 4.D\u00f6nem Toplu S\u00f6zle\u015fme G\u00f6r\u00fc\u015fmelerine ili\u015fkin tepkisini de dile getiren \u00c7ivi, bu toplu s\u00f6zle\u015fme g\u00f6r\u00fc\u015fmeleri sonucunda i\u015fveren sendikac\u0131l\u0131\u011f\u0131 zirve yapm\u0131\u015ft\u0131r. Memur-Sen konfederasyonu, kendisini besleyip b\u00fcy\u00fcten iktidar i\u00e7in g\u00f6revini yerine getirmi\u015ftir, dedi.<\/p>\n<p>Kamu \u00e7al\u0131\u015fanlar\u0131 ve emeklilerinin haklar\u0131n\u0131n masada b\u0131rak\u0131ld\u0131\u011f\u0131n\u0131 iddia eden \u00c7ivi, kamu \u00e7al\u0131\u015fanlar\u0131 \u00f6zg\u00fcr iradeleriyle bu komediye er veya ge\u00e7 son verecektir, dedi.<\/p>\n<p>Toplant\u0131 g\u00fcndemi gere\u011fince t\u00fcm kat\u0131l\u0131mc\u0131lar s\u0131rayla s\u00f6z alarak g\u00f6r\u00fc\u015f, \u00f6neri ve ele\u015ftirilerini dile getirdiler.<\/p>\n<p>Toplant\u0131 sonucu kat\u0131l\u0131mc\u0131lara te\u015fekk\u00fcr eden Haksen Genel Ba\u015fkan\u0131 Ayhan \u00c7ivi, iletilen t\u00fcm konularla ilgili gerek konfederasyon y\u00f6netim kurulu gerekse ba\u015fkanlar kurulunda gerekli d\u00fczenlemelerin yap\u0131laca\u011f\u0131n\u0131, s\u00f6yledi.<img loading=\"lazy\" decoding=\"async\" class=\"alignnone size-medium wp-image-3739\" src=\"http:\/\/haksen.org.tr\/wp-content\/uploads\/2017\/10\/baskan-300x300.jpg\" alt=\"\" width=\"300\" height=\"300\" srcset=\"https:\/\/haksen.org.tr\/wp-content\/uploads\/2017\/10\/baskan-300x300.jpg 300w, https:\/\/haksen.org.tr\/wp-content\/uploads\/2017\/10\/baskan-150x150.jpg 150w, https:\/\/haksen.org.tr\/wp-content\/uploads\/2017\/10\/baskan-768x768.jpg 768w, https:\/\/haksen.org.tr\/wp-content\/uploads\/2017\/10\/baskan-696x696.jpg 696w, https:\/\/haksen.org.tr\/wp-content\/uploads\/2017\/10\/baskan-420x420.jpg 420w, https:\/\/haksen.org.tr\/wp-content\/uploads\/2017\/10\/baskan.jpg 800w\" sizes=\"auto, (max-width: 300px) 100vw, 300px\" \/><img loading=\"lazy\" decoding=\"async\" class=\"alignnone size-medium wp-image-3738\" src=\"http:\/\/haksen.org.tr\/wp-content\/uploads\/2017\/10\/salon-300x225.jpg\" alt=\"\" width=\"300\" height=\"225\" srcset=\"https:\/\/haksen.org.tr\/wp-content\/uploads\/2017\/10\/salon-300x225.jpg 300w, https:\/\/haksen.org.tr\/wp-content\/uploads\/2017\/10\/salon-768x576.jpg 768w, https:\/\/haksen.org.tr\/wp-content\/uploads\/2017\/10\/salon-80x60.jpg 80w, https:\/\/haksen.org.tr\/wp-content\/uploads\/2017\/10\/salon-265x198.jpg 265w, https:\/\/haksen.org.tr\/wp-content\/uploads\/2017\/10\/salon-696x522.jpg 696w, https:\/\/haksen.org.tr\/wp-content\/uploads\/2017\/10\/salon-560x420.jpg 560w, https:\/\/haksen.org.tr\/wp-content\/uploads\/2017\/10\/salon.jpg 800w\" sizes=\"auto, (max-width: 300px) 100vw, 300px\" \/><img loading=\"lazy\" decoding=\"async\" class=\"alignnone size-medium wp-image-3737\" src=\"http:\/\/haksen.org.tr\/wp-content\/uploads\/2017\/10\/ayyhan-300x225.jpg\" alt=\"\" width=\"300\" height=\"225\" srcset=\"https:\/\/haksen.org.tr\/wp-content\/uploads\/2017\/10\/ayyhan-300x225.jpg 300w, https:\/\/haksen.org.tr\/wp-content\/uploads\/2017\/10\/ayyhan-768x576.jpg 768w, https:\/\/haksen.org.tr\/wp-content\/uploads\/2017\/10\/ayyhan-80x60.jpg 80w, https:\/\/haksen.org.tr\/wp-content\/uploads\/2017\/10\/ayyhan-265x198.jpg 265w, https:\/\/haksen.org.tr\/wp-content\/uploads\/2017\/10\/ayyhan-696x522.jpg 696w, https:\/\/haksen.org.tr\/wp-content\/uploads\/2017\/10\/ayyhan-560x420.jpg 560w, https:\/\/haksen.org.tr\/wp-content\/uploads\/2017\/10\/ayyhan.jpg 800w\" sizes=\"auto, (max-width: 300px) 100vw, 300px\" \/><\/p>\n<p>&nbsp;<\/p>\n","protected":false},"excerpt":{"rendered":"<p>Haksen, Ankara B\u00f6lge Toplant\u0131s\u0131 yap\u0131ld\u0131<\/p>\n","protected":false},"author":1,"featured_media":3736,"comment_status":"open","ping_status":"open","sticky":false,"template":"","format":"standard","meta":{"footnotes":""},"categories":[1,42],"tags":[],"class_list":{"0":"post-3733","1":"post","2":"type-post","3":"status-publish","4":"format-standard","5":"has-post-thumbnail","7":"category-haberler","8":"category-manset-haberleri"},"_links":{"self":[{"href":"https:\/\/haksen.org.tr\/index.php?rest_route=\/wp\/v2\/posts\/3733","targetHints":{"allow":["GET"]}}],"collection":[{"href":"https:\/\/haksen.org.tr\/index.php?rest_route=\/wp\/v2\/posts"}],"about":[{"href":"https:\/\/haksen.org.tr\/index.php?rest_route=\/wp\/v2\/types\/post"}],"author":[{"embeddable":true,"href":"https:\/\/haksen.org.tr\/index.php?rest_route=\/wp\/v2\/users\/1"}],"replies":[{"embeddable":true,"href":"https:\/\/haksen.org.tr\/index.php?rest_route=%2Fwp%2Fv2%2Fcomments&post=3733"}],"version-history":[{"count":1,"href":"https:\/\/haksen.org.tr\/index.php?rest_route=\/wp\/v2\/posts\/3733\/revisions"}],"predecessor-version":[{"id":3740,"href":"https:\/\/haksen.org.tr\/index.php?rest_route=\/wp\/v2\/posts\/3733\/revisions\/3740"}],"wp:featuredmedia":[{"embeddable":true,"href":"https:\/\/haksen.org.tr\/index.php?rest_route=\/wp\/v2\/media\/3736"}],"wp:attachment":[{"href":"https:\/\/haksen.org.tr\/index.php?rest_route=%2Fwp%2Fv2%2Fmedia&parent=3733"}],"wp:term":[{"taxonomy":"category","embeddable":true,"href":"https:\/\/haksen.org.tr\/index.php?rest_route=%2Fwp%2Fv2%2Fcategories&post=3733"},{"taxonomy":"post_tag","embeddable":true,"href":"https:\/\/haksen.org.tr\/index.php?rest_route=%2Fwp%2Fv2%2Ftags&post=3733"}],"curies":[{"name":"wp","href":"https:\/\/api.w.org\/{rel}","templated":true}]}}