{"id":3518,"date":"2017-04-06T12:00:00","date_gmt":"2017-04-06T12:00:00","guid":{"rendered":"http:\/\/haksen.org.tr\/?p=3518"},"modified":"2017-04-26T13:27:11","modified_gmt":"2017-04-26T10:27:11","slug":"civi-meteoroloji-calisanlarina-seslendi","status":"publish","type":"post","link":"https:\/\/haksen.org.tr\/?p=3518","title":{"rendered":"\u00c7ivi, Meteoroloji \u00e7al\u0131\u015fanlar\u0131na seslendi"},"content":{"rendered":"<p>Meteoroloji Genel M\u00fcd\u00fcrl\u00fc\u011f\u00fc konferans salonunda yap\u0131lan \u00e7al\u0131\u015fanlar\u0131 bilgilendirme toplant\u0131s\u0131nda konu\u015fan Haksen Genel Ba\u015fkan\u0131 Ayhan \u00c7ivi, g\u00fcndeme ili\u015fkin \u00f6nemli a\u00e7\u0131klamalar yapt\u0131.<\/p>\n<p>&#8220;<a href=\"https:\/\/www.youtube.com\/watch?v=qG5d34Z7yIA\">  KONU\u015eMAYI \u0130ZLEMEK \u0130\u00c7\u0130N TIKLAYINIZ<\/a>&#8221;<\/p>\n<h2 style='margin:20px 0;'>\u0130\u00e7erik Galerisi<\/h2>\n<p><img decoding=\"async\" src=\"wp-content\/uploads\/2016\/12\/648894162.png\" alt=\"\u00c7ivi, Meteoroloji \u00e7al\u0131\u015fanlar\u0131na seslendi\" style=\"width:100%;\" \/><\/p>\n<p><img decoding=\"async\" src=\"wp-content\/uploads\/2016\/12\/40249144.JPG\" alt=\"\u00c7ivi, Meteoroloji \u00e7al\u0131\u015fanlar\u0131na seslendi\" style=\"width:100%;\" \/><\/p>\n<p><img decoding=\"async\" src=\"wp-content\/uploads\/2016\/12\/27576815.jpg\" alt=\"\u00c7ivi, Meteoroloji \u00e7al\u0131\u015fanlar\u0131na seslendi\" style=\"width:100%;\" \/><\/p>\n<p><img decoding=\"async\" src=\"wp-content\/uploads\/2016\/12\/649910340.JPG\" alt=\"\u00c7ivi, Meteoroloji \u00e7al\u0131\u015fanlar\u0131na seslendi\" style=\"width:100%;\" \/><\/p>\n","protected":false},"excerpt":{"rendered":"<p>Haksen Genel Ba\u015fkan\u0131 Ayhan \u00c7ivi, B\u00fcro Hak-Sen taraf\u0131ndan Meteoroloji Genel M\u00fcd\u00fcrl\u00fc\u011f\u00fc\u2019nde yap\u0131lan toplant\u0131da \u00e7al\u0131\u015fanlara seslendi.<\/p>\n","protected":false},"author":1,"featured_media":3519,"comment_status":"closed","ping_status":"open","sticky":false,"template":"","format":"standard","meta":{"footnotes":""},"categories":[42],"tags":[],"class_list":{"0":"post-3518","1":"post","2":"type-post","3":"status-publish","4":"format-standard","5":"has-post-thumbnail","7":"category-manset-haberleri"},"_links":{"self":[{"href":"https:\/\/haksen.org.tr\/index.php?rest_route=\/wp\/v2\/posts\/3518","targetHints":{"allow":["GET"]}}],"collection":[{"href":"https:\/\/haksen.org.tr\/index.php?rest_route=\/wp\/v2\/posts"}],"about":[{"href":"https:\/\/haksen.org.tr\/index.php?rest_route=\/wp\/v2\/types\/post"}],"author":[{"embeddable":true,"href":"https:\/\/haksen.org.tr\/index.php?rest_route=\/wp\/v2\/users\/1"}],"replies":[{"embeddable":true,"href":"https:\/\/haksen.org.tr\/index.php?rest_route=%2Fwp%2Fv2%2Fcomments&post=3518"}],"version-history":[{"count":1,"href":"https:\/\/haksen.org.tr\/index.php?rest_route=\/wp\/v2\/posts\/3518\/revisions"}],"predecessor-version":[{"id":3596,"href":"https:\/\/haksen.org.tr\/index.php?rest_route=\/wp\/v2\/posts\/3518\/revisions\/3596"}],"wp:featuredmedia":[{"embeddable":true,"href":"https:\/\/haksen.org.tr\/index.php?rest_route=\/wp\/v2\/media\/3519"}],"wp:attachment":[{"href":"https:\/\/haksen.org.tr\/index.php?rest_route=%2Fwp%2Fv2%2Fmedia&parent=3518"}],"wp:term":[{"taxonomy":"category","embeddable":true,"href":"https:\/\/haksen.org.tr\/index.php?rest_route=%2Fwp%2Fv2%2Fcategories&post=3518"},{"taxonomy":"post_tag","embeddable":true,"href":"https:\/\/haksen.org.tr\/index.php?rest_route=%2Fwp%2Fv2%2Ftags&post=3518"}],"curies":[{"name":"wp","href":"https:\/\/api.w.org\/{rel}","templated":true}]}}