{"id":3512,"date":"2017-03-24T12:00:00","date_gmt":"2017-03-24T12:00:00","guid":{"rendered":"http:\/\/haksen.org.tr\/?p=3512"},"modified":"2017-03-24T12:00:00","modified_gmt":"2017-03-24T12:00:00","slug":"civi--tokat-bolge-toplantisinda-konustu","status":"publish","type":"post","link":"https:\/\/haksen.org.tr\/?p=3512","title":{"rendered":"\u00c7ivi, Tokat B\u00f6lge Toplant\u0131s\u0131nda konu\u015ftu"},"content":{"rendered":"<p>Kamu \u00c7al\u0131\u015fanlar\u0131 Hak Sendikalar\u0131 Konfederasyonu (Haksen) Tokat B\u00f6lge Toplant\u0131s\u0131 18 Mart Cumartesi g\u00fcn\u00fc \u00d6\u011fretmenevi konferans salonunda yap\u0131ld\u0131.<\/p>\n<p>Hak-Sen Tokat B\u00f6lge Toplant\u0131s\u0131na; Haksen Genel Ba\u015fkan\u0131 Ayhan \u00c7ivi, E\u011fitim Hak-Sen Genel Ba\u015fkan\u0131 Hanifi G\u00f6k\u00e7ek, Sa\u011fl\u0131k Hak-Sen Genel Ba\u015fkan\u0131 Selahattin Karaca, K\u00fclt\u00fcr Hak-Sen Genel Ba\u015fkan\u0131 Suna Bayram, Afad Hak-Sen Genel Ba\u015fkan\u0131 Durmu\u015f Arslanta\u015f, Tokat Haksen \u0130l Ba\u015fkan\u0131 Hasan \u00d6n\u00fcr, E\u011fitim Hak-Sen Tokat \u0130l Ba\u015fkan\u0131 Arif Ekmek\u00e7i, TO\u00c7 Hak-Sen Tokat \u0130l Temsilcisi \u0130dris \u00c7etinpolat,  Haksen Amasya \u0130l Temsilcisi Tercan Kurt, Erbaa Haksen \u0130l\u00e7e Temsilcisi Karanfil Sel\u00e7uk ve Hak-Sen Genel Merkez Y\u00f6neticileri kat\u0131ld\u0131.<\/p>\n<p>Haksen Genel Ba\u015fkan\u0131 Ayhan \u00c7ivi, kamu \u00e7al\u0131\u015fanlar\u0131n\u0131n hak ve eme\u011fine sahip \u00e7\u0131kmak i\u00e7in 2008 y\u0131l\u0131nda Kamu \u00c7al\u0131\u015fanlar\u0131 Hak Sendikalar\u0131 Konfederasyonunu kurduklar\u0131n\u0131 belirterek, \u201cSendikac\u0131l\u0131k evrensel anlamda ba\u011f\u0131ms\u0131z olmal\u0131d\u0131r, sendika t\u00fcm kamu g\u00f6revlilerini kucaklamal\u0131d\u0131r ve haks\u0131zl\u0131\u011fa u\u011frayan bir ki\u015fi dahi olsa onun yan\u0131nda olmal\u0131d\u0131r, bizim amac\u0131m\u0131z da budur\u201d dedi<\/p>\n<p>Mart ay\u0131nda bir iyile\u015ftirmenin mutlaka yap\u0131lmas\u0131 gerekiyor<br \/>\nT\u00fcrkiye\u2019de \u00e7al\u0131\u015fanlar\u0131n emanetine sahip \u00e7\u0131kan bir sendikaya ihtiya\u00e7 oldu\u011funu ifade eden Ba\u015fkan \u00c7ivi, \u201c Devletimiz \u00fclkemiz maalesef siyasi ve ideolojik yap\u0131larla bir yere varamam\u0131\u015ft\u0131r. Y\u0131llard\u0131r yap\u0131lan sendikal m\u00fccadele de pek \u00e7ok sendikam\u0131z bu siyasi olu\u015fumlara yanda\u015f oldu\u011fu i\u00e7in yak\u0131n oldu\u011fu ve ya o amac\u0131 ta\u015f\u0131d\u0131klar\u0131 i\u00e7in maalesef \u00e7al\u0131\u015fanlar istedikleri haklara da kavu\u015famam\u0131\u015ft\u0131r. \u00dclkemizde 2010 y\u0131l\u0131nda anayasa de\u011fi\u015fikli\u011fi yap\u0131ld\u0131. Bu anayasa de\u011fi\u015fikli\u011finde devlet memurlar\u0131na ilk defa toplu s\u00f6zle\u015fme hakk\u0131 verildi. 2012 y\u0131l\u0131ndan beride biz sendikalar\u0131m\u0131z arac\u0131l\u0131\u011f\u0131yla devletimizle h\u00fck\u00fcmetimizle toplu s\u00f6zle\u015fme masas\u0131na oturuyoruz. Ancak bu alt\u0131 y\u0131ll\u0131k zaman zarf\u0131nda maalesef arzu etti\u011fimiz hak ve imk\u00e2nlara bir t\u00fcrl\u00fc kavu\u015fam\u0131yoruz. Bunun nedenini hep beraber sorgulamam\u0131z gerekiyor. 2017 y\u0131l\u0131 bu alt\u0131 y\u0131l i\u00e7erisinde en olumsuz \u015fartlar\u0131 ta\u015f\u0131yan y\u0131l olmu\u015ftur. \u0130lk iki ayda enflasyon 3,29 \u00e7\u0131km\u0131\u015ft\u0131r. Oysa biz devlet memurlar\u0131na alt\u0131 ayl\u0131\u011f\u0131na  %3 zam verilmi\u015ftir. Yani yap\u0131lan toplu s\u00f6zle\u015fmelerin ne kadar ger\u00e7ekten uzak, memurlar\u0131n ya\u015fad\u0131\u011f\u0131 s\u0131k\u0131nt\u0131lardan uzak oldu\u011funu g\u00f6r\u00fcyoruz. Bize verilen maa\u015f art\u0131\u015f\u0131 daha ikinci ayda enflasyonun kar\u015f\u0131s\u0131nda bitmi\u015ftir. H\u00fck\u00fcmetimize ve say\u0131n ba\u015fbakan\u0131m\u0131za bir \u00e7a\u011fr\u0131da bulunmak istiyorum. Toplu s\u00f6zle\u015fmeyi yapan sendikam\u0131z bunlar\u0131 d\u00fc\u015f\u00fcnememi\u015f olabilir, bunlar\u0131 talep etmeye cesaret edememi\u015f olabilir. Ancak bizler devletimizin memuruyuz, dolay\u0131s\u0131yla daha ikinci ayda biten bir zamla biz al\u0131 ay daha \u00e7al\u0131\u015fmak zorunda kalmamal\u0131y\u0131z. Bu zarar\u0131m\u0131z\u0131 telafi edecek Mart ay\u0131nda bir iyile\u015ftirmenin mutlaka yap\u0131lmas\u0131 gerekiyor\u201d \u015feklinde konu\u015ftu.<\/p>\n<p>\u0130\u015f g\u00fcvencesi Hak-Sen olarak k\u0131rm\u0131z\u0131 \u00e7izgimizdir.<\/p>\n<p>T\u00fcrkiye\u2019de 22 bin civar\u0131nda 4c stat\u00fcs\u00fcnde \u00e7al\u0131\u015fan oldu\u011funu belirten \u00c7ivi, \u201cKamu g\u00f6revlilerinin i\u015f g\u00fcvencesi, vatanda\u015f\u0131m\u0131z\u0131n e\u015fit adil tarafs\u0131z hizmet alma g\u00fcvencesidir. G\u00fcvencesi olmayan bir kamu g\u00f6revlisinin kanunlar\u0131 yasalar\u0131 t\u00fcm vatanda\u015flara e\u015fit bir \u015fekilde uygulamas\u0131 da m\u00fcmk\u00fcn olmayacakt\u0131r.  \u0130\u015f g\u00fcvencesi bizim Hak-Sen olarak k\u0131rm\u0131z\u0131 \u00e7izgimizdir. Bu alanda yap\u0131lacak herhangi bir d\u00fczenlemeye kar\u015f\u0131 da hem demokratik anlamda hem hukuki anlamda biz gerekli tepkiyi de ortaya koyaca\u011f\u0131z. Bizler emekli olduktan sonrada devlet memuruna yak\u0131\u015f\u0131r bir hayat s\u00fcrmek istiyoruz. Maalesef bu g\u00fcnk\u00fc \u015fartlarda b\u00f6yle bir \u015fey de m\u00fcmk\u00fcn de\u011fil. Emekli olan kamu g\u00f6revlilerinin b\u00fcy\u00fck \u00e7o\u011funlu\u011fu ikinci bir i\u015f yapmak mecburiyetinde kal\u0131yor. Bununda en \u00f6nemli sebebi \u00e7al\u0131\u015fanlara fiilen g\u00f6rev yaparken verilen ek \u00f6demelerin emekli olduklar\u0131nda emekli ayl\u0131klar\u0131na ve emekli maa\u015flar\u0131na yans\u0131t\u0131lmamas\u0131d\u0131r.  Bu konuda Hak-Sen olarak yarg\u0131ya gerekli ba\u015fvuruyu yapt\u0131k. Davam\u0131zda devam ediyor. D\u00fcnyan\u0131n hi\u00e7 bir yerinde devletine 4c\u2019li stat\u00fcs\u00fcnde \u00e7al\u0131\u015fan bir kamu g\u00f6revlisi yoktur. Biz bunu ara\u015ft\u0131rd\u0131k ancak \u00fclkemizde \u015fuan 22 bin civar\u0131nda 4c stat\u00fcs\u00fcnde \u00e7al\u0131\u015fan, son derece k\u0131s\u0131tl\u0131 haklar\u0131 olan, g\u00f6revde y\u00fckselme unvan de\u011fi\u015fikli\u011fi gibi haklar\u0131 olmayan ve kendisine s\u00f6ylenen her talimat\u0131 yerine getirmek mecburiyetinde olan bir durumda \u00e7al\u0131\u015f\u0131yorlar. Bu stat\u00fcn\u00fcn art\u0131k \u00e7al\u0131\u015fma hayat\u0131ndan k\u00f6k\u00fcnden \u00e7\u0131kar\u0131lmas\u0131n\u0131 ve bu arkada\u015flar\u0131m\u0131z\u0131n dileyenleri i\u015f\u00e7i kadrosunda dileyenlerin memur kadrosunda istihdam edilmelerini talep ediyoruz\u201d diyerek a\u00e7\u0131klamas\u0131n\u0131 sonlan\u0131rd\u0131.<\/p>\n","protected":false},"excerpt":{"rendered":"<p>Haksen Genel Ba\u015fkan\u0131 Ayhan \u00c7ivi, Haksen Tokat B\u00f6lge Toplant\u0131s\u0131nda g\u00fcndeme ili\u015fkin \u00f6nemli a\u00e7\u0131klamalar yapt\u0131.<\/p>\n","protected":false},"author":1,"featured_media":3513,"comment_status":"closed","ping_status":"open","sticky":false,"template":"","format":"standard","meta":{"footnotes":""},"categories":[42],"tags":[],"class_list":{"0":"post-3512","1":"post","2":"type-post","3":"status-publish","4":"format-standard","5":"has-post-thumbnail","7":"category-manset-haberleri"},"_links":{"self":[{"href":"https:\/\/haksen.org.tr\/index.php?rest_route=\/wp\/v2\/posts\/3512","targetHints":{"allow":["GET"]}}],"collection":[{"href":"https:\/\/haksen.org.tr\/index.php?rest_route=\/wp\/v2\/posts"}],"about":[{"href":"https:\/\/haksen.org.tr\/index.php?rest_route=\/wp\/v2\/types\/post"}],"author":[{"embeddable":true,"href":"https:\/\/haksen.org.tr\/index.php?rest_route=\/wp\/v2\/users\/1"}],"replies":[{"embeddable":true,"href":"https:\/\/haksen.org.tr\/index.php?rest_route=%2Fwp%2Fv2%2Fcomments&post=3512"}],"version-history":[{"count":0,"href":"https:\/\/haksen.org.tr\/index.php?rest_route=\/wp\/v2\/posts\/3512\/revisions"}],"wp:featuredmedia":[{"embeddable":true,"href":"https:\/\/haksen.org.tr\/index.php?rest_route=\/wp\/v2\/media\/3513"}],"wp:attachment":[{"href":"https:\/\/haksen.org.tr\/index.php?rest_route=%2Fwp%2Fv2%2Fmedia&parent=3512"}],"wp:term":[{"taxonomy":"category","embeddable":true,"href":"https:\/\/haksen.org.tr\/index.php?rest_route=%2Fwp%2Fv2%2Fcategories&post=3512"},{"taxonomy":"post_tag","embeddable":true,"href":"https:\/\/haksen.org.tr\/index.php?rest_route=%2Fwp%2Fv2%2Ftags&post=3512"}],"curies":[{"name":"wp","href":"https:\/\/api.w.org\/{rel}","templated":true}]}}