{"id":3495,"date":"2017-03-24T12:00:00","date_gmt":"2017-03-24T12:00:00","guid":{"rendered":"http:\/\/haksen.org.tr\/?p=3495"},"modified":"2017-03-24T12:00:00","modified_gmt":"2017-03-24T12:00:00","slug":"haksen-tokata-cikarma-yapti","status":"publish","type":"post","link":"https:\/\/haksen.org.tr\/?p=3495","title":{"rendered":"Haksen Tokat&#8217;a \u00e7\u0131karma yapt\u0131"},"content":{"rendered":"<p>Haksen Genel Ba\u015fkan\u0131 Ayhan \u00c7ivi, E\u011fitim Hak-Sen Genel Ba\u015fkan\u0131 Hanifi G\u00f6k\u00e7ek, Sa\u011fl\u0131k Hak-Sen Genel Ba\u015fkan\u0131 Selahattin Karaca, K\u00fclt\u00fcr Hak-Sen Genel Ba\u015fkan\u0131 Suna Bayram, Haber Hak-Sen Genel Ba\u015fkan\u0131 Y\u0131lmaz Kaya, Afad Hak-Sen Genel Ba\u015fkan\u0131 Durmu\u015f Arslanta\u015f ve sendika genel merkez y\u00f6neticileri \u00d6zg\u00fcr Tuncer, Kadir Do\u011fan, Dursun Demirel ve \u015fube ba\u015fkan\u0131 Ya\u015far Temiz&#8217;in kat\u0131ld\u0131\u011f\u0131 ziyaret programlar\u0131na Haksen Tokat \u0130l Temsilcisi Hasan \u00d6n\u00fcr, E\u011fitim Hak-Sen Tokat \u0130l Temsilcisi Arif Ekmek\u00e7i,B\u00fcro Hak-Sen Tokat \u0130l Temsilcisi Kamuran Duran,To\u00e7 Hak-Sen Tokat \u0130l Temsilcisi \u0130dris \u00c7etinbolat ,Haksen Tokat \u0130l Y\u00f6netim Kurulu \u00fcyeleri G\u00fcng\u00f6r Demirci ve Erkan G\u00fcr,<br \/>\nHaksen Erbaa \u0130l\u00e7e Temsilcisi Karanfil Sel\u00e7uk, \u0130\u015fyeri Temsilcilerimiz Ahmet Tuncel, Osman Alsancak ve Salim G\u00fcrel e\u015flik ettiler.<\/p>\n<p>Haksen heyeti ziyaret nedeniyle Tokat&#8217;ta adeta ayak basmad\u0131k yer b\u0131rakmad\u0131.<\/p>\n<p>Ziyaretlerde;<\/p>\n<p>Tokat Barosu Ba\u015fkan\u0131 Av. Faruk Bostanc\u0131,<br \/>\nTokat Defterdar\u0131 Musa Avcu,<br \/>\nTokat \u0130l Sa\u011fl\u0131k M\u00fcd\u00fcr\u00fc Dr. Yunus Topal,<br \/>\nTokat Kamu Hastaneleri Birli\u011fi Genel Sekreteri Dr. Mehmet Er\u015fan,<br \/>\nTokat GOP \u00dcniversitesi T\u0131p Fak\u00fcltesi Dekan\u0131 Prof.Dr. Ertan B\u00fclb\u00fclo\u011flu,<br \/>\nTokat \u0130l Milli E\u011fitim M\u00fcd\u00fcr\u00fc Levent Yaz\u0131c\u0131,<br \/>\nTokat SGK \u0130l M\u00fcd\u00fcr\u00fc Turgut Pekdemir,<br \/>\nTokat \u0130l \u00d6zel \u0130dare Genel Sekreteri Recep G\u00f6k\u00e7e,<br \/>\nTokat Esnaf Sanatkarlar Odas\u0131 Ba\u015fkan\u0131 Mehmet Bek\u00e7i,<br \/>\nTokat Orman \u0130\u015fletme M\u00fcd\u00fcr\u00fc Ali \u015een,<br \/>\nTokat Devlet Hastanesi Ba\u015fhekimi Uz. Dr. Cengiz Yakut<br \/>\nTokat Posya \u0130\u015fleme Merkezi,<br \/>\nTokat Adliyesi,<br \/>\nTokat Meteoroloji M\u00fcd\u00fcrl\u00fc\u011f\u00fc,<br \/>\nTokat Acil Afet \u0130l M\u00fcd\u00fcrl\u00fc\u011f\u00fc,<br \/>\nErbaa Devlet Hastanesi,<br \/>\nErbaa Adliyesi,<br \/>\nErbaa K\u00fct\u00fcphanesi,<\/p>\n<p>\u00e7al\u0131\u015fanlar\u0131 ziyaret edilerek sorunlar\u0131 dinlendi.<\/p>\n<h2 style='margin:20px 0;'>\u0130\u00e7erik Galerisi<\/h2>\n<p><img decoding=\"async\" src=\"wp-content\/uploads\/2016\/12\/941370746.jpg\" alt=\"Haksen Tokat'a \u00e7\u0131karma yapt\u0131\" style=\"width:100%;\" \/><\/p>\n<p><img decoding=\"async\" src=\"wp-content\/uploads\/2016\/12\/384964849.jpg\" alt=\"Haksen Tokat'a \u00e7\u0131karma yapt\u0131\" style=\"width:100%;\" \/><\/p>\n<p><img decoding=\"async\" src=\"wp-content\/uploads\/2016\/12\/635233824.jpg\" alt=\"Haksen Tokat'a \u00e7\u0131karma yapt\u0131\" style=\"width:100%;\" \/><\/p>\n<p><img decoding=\"async\" src=\"wp-content\/uploads\/2016\/12\/843281038.jpg\" alt=\"Haksen Tokat'a \u00e7\u0131karma yapt\u0131\" style=\"width:100%;\" \/><\/p>\n<p><img decoding=\"async\" src=\"wp-content\/uploads\/2016\/12\/149465705.jpg\" alt=\"Haksen Tokat'a \u00e7\u0131karma yapt\u0131\" style=\"width:100%;\" \/><\/p>\n<p><img decoding=\"async\" src=\"wp-content\/uploads\/2016\/12\/182849673.jpg\" alt=\"Haksen Tokat'a \u00e7\u0131karma yapt\u0131\" style=\"width:100%;\" \/><\/p>\n<p><img decoding=\"async\" src=\"wp-content\/uploads\/2016\/12\/161482206.jpg\" alt=\"Haksen Tokat'a \u00e7\u0131karma yapt\u0131\" style=\"width:100%;\" \/><\/p>\n<p><img decoding=\"async\" src=\"wp-content\/uploads\/2016\/12\/844229510.jpg\" alt=\"Haksen Tokat'a \u00e7\u0131karma yapt\u0131\" style=\"width:100%;\" \/><\/p>\n<p><img decoding=\"async\" src=\"wp-content\/uploads\/2016\/12\/866676589.jpg\" alt=\"Haksen Tokat'a \u00e7\u0131karma yapt\u0131\" style=\"width:100%;\" \/><\/p>\n<p><img decoding=\"async\" src=\"wp-content\/uploads\/2016\/12\/33573036.jpg\" alt=\"Haksen Tokat'a \u00e7\u0131karma yapt\u0131\" style=\"width:100%;\" \/><\/p>\n<p><img decoding=\"async\" src=\"wp-content\/uploads\/2016\/12\/291900335.jpg\" alt=\"Haksen Tokat'a \u00e7\u0131karma yapt\u0131\" style=\"width:100%;\" \/><\/p>\n<p><img decoding=\"async\" src=\"wp-content\/uploads\/2016\/12\/428673563.jpg\" alt=\"Haksen Tokat'a \u00e7\u0131karma yapt\u0131\" style=\"width:100%;\" \/><\/p>\n<p><img decoding=\"async\" src=\"wp-content\/uploads\/2016\/12\/58094676.jpg\" alt=\"Haksen Tokat'a \u00e7\u0131karma yapt\u0131\" style=\"width:100%;\" \/><\/p>\n<p><img decoding=\"async\" src=\"wp-content\/uploads\/2016\/12\/908014757.jpg\" alt=\"Haksen Tokat'a \u00e7\u0131karma yapt\u0131\" style=\"width:100%;\" \/><\/p>\n<p><img decoding=\"async\" src=\"wp-content\/uploads\/2016\/12\/583193504.jpg\" alt=\"Haksen Tokat'a \u00e7\u0131karma yapt\u0131\" style=\"width:100%;\" \/><\/p>\n","protected":false},"excerpt":{"rendered":"<p>Haksen Genel Ba\u015fkan\u0131 Ayhan \u00c7ivi, beraberindeki heyetle birlikte Tokat&#8217;daki kamu kurum ve kurulu\u015flar\u0131n\u0131 ziyaret etti.<\/p>\n","protected":false},"author":1,"featured_media":3505,"comment_status":"closed","ping_status":"open","sticky":false,"template":"","format":"standard","meta":{"footnotes":""},"categories":[42],"tags":[],"class_list":{"0":"post-3495","1":"post","2":"type-post","3":"status-publish","4":"format-standard","5":"has-post-thumbnail","7":"category-manset-haberleri"},"_links":{"self":[{"href":"https:\/\/haksen.org.tr\/index.php?rest_route=\/wp\/v2\/posts\/3495","targetHints":{"allow":["GET"]}}],"collection":[{"href":"https:\/\/haksen.org.tr\/index.php?rest_route=\/wp\/v2\/posts"}],"about":[{"href":"https:\/\/haksen.org.tr\/index.php?rest_route=\/wp\/v2\/types\/post"}],"author":[{"embeddable":true,"href":"https:\/\/haksen.org.tr\/index.php?rest_route=\/wp\/v2\/users\/1"}],"replies":[{"embeddable":true,"href":"https:\/\/haksen.org.tr\/index.php?rest_route=%2Fwp%2Fv2%2Fcomments&post=3495"}],"version-history":[{"count":0,"href":"https:\/\/haksen.org.tr\/index.php?rest_route=\/wp\/v2\/posts\/3495\/revisions"}],"wp:featuredmedia":[{"embeddable":true,"href":"https:\/\/haksen.org.tr\/index.php?rest_route=\/wp\/v2\/media\/3505"}],"wp:attachment":[{"href":"https:\/\/haksen.org.tr\/index.php?rest_route=%2Fwp%2Fv2%2Fmedia&parent=3495"}],"wp:term":[{"taxonomy":"category","embeddable":true,"href":"https:\/\/haksen.org.tr\/index.php?rest_route=%2Fwp%2Fv2%2Fcategories&post=3495"},{"taxonomy":"post_tag","embeddable":true,"href":"https:\/\/haksen.org.tr\/index.php?rest_route=%2Fwp%2Fv2%2Ftags&post=3495"}],"curies":[{"name":"wp","href":"https:\/\/api.w.org\/{rel}","templated":true}]}}