{"id":3488,"date":"2017-03-24T12:00:00","date_gmt":"2017-03-24T12:00:00","guid":{"rendered":"http:\/\/haksen.org.tr\/?p=3488"},"modified":"2017-03-24T12:00:00","modified_gmt":"2017-03-24T12:00:00","slug":"amasyada-haksen-ruzgari-esti","status":"publish","type":"post","link":"https:\/\/haksen.org.tr\/?p=3488","title":{"rendered":"Amasya&#8217;da Haksen r\u00fczgar\u0131 esti"},"content":{"rendered":"<p>Haksen Genel Ba\u015fkan\u0131 Ayhan \u00c7ivi, E\u011fitim Hak-Sen Genel Ba\u015fkan\u0131 Hanifi G\u00f6k\u00e7ek, Sa\u011fl\u0131k Hak-Sen Genel Ba\u015fkan\u0131 Selahattin Karaca, K\u00fclt\u00fcr Hak-Sen Genel Ba\u015fkan\u0131 Suna Bayram ve sendika genel merkez y\u00f6neticileri \u00d6zg\u00fcr Tuncer, Kadir Do\u011fan, Dursun Demirel ve \u015fube ba\u015fkan\u0131 Ya\u015far Temiz&#8217;in kat\u0131ld\u0131\u011f\u0131 ziyaret programlar\u0131na Amasya Haksen \u0130l Temsilcisi Tercan Kurt ile E\u011fitim Hak-Sen Amasya \u0130l Temsilcisi Ramazan Canik e\u015flik ettiler.<\/p>\n<p>Konfederasyon heyetimiz;<br \/>\nAmasya \u0130l Milli E\u011fitim M\u00fcd\u00fcr\u00fc Dr. H\u00fcseyin G\u00fcne\u015f,<br \/>\nAmasya Defterdar\u0131 Bekir A\u00e7\u0131kg\u00f6z,<br \/>\nAmasya \u00dcniversitesi Rekt\u00f6r\u00fc Prof.Dr. Metin Orbay<br \/>\nve kurumlar\u0131n \u00e7al\u0131\u015fanlar\u0131 ziyaret edilerek sorunlar\u0131 dinlediler.<\/p>\n<p>Heyet ayr\u0131ca Amasya Suluova \u0130l\u00e7esi Akda\u011fl\u0131lar Derne\u011fini de ziyret etti.<\/p>\n<p>Ziyaretlerin ard\u0131ndan sendikam\u0131za kat\u0131l\u0131mlar nedeniyle  bir bas\u0131n toplant\u0131s\u0131 d\u00fczenleyen Haksen Genel Ba\u015fkan\u0131 \u00c7ivi \u015funlar\u0131 s\u00f6yledi;<\/p>\n<p>18 Martta Cumartesi g\u00fcn\u00fc Tokat\u2019ta yapaca\u011f\u0131m\u0131z b\u00f6lge toplant\u0131s\u0131 \u00f6ncesinde Amasya\u2019daki sendikal \u00e7al\u0131\u015fmalar\u0131m\u0131z\u0131 arkada\u015flar\u0131m\u0131zla birlikte bir kez daha yerinde g\u00f6rmek, Amasya\u2019daki kamu \u00e7al\u0131\u015fanlar\u0131n\u0131n s\u0131k\u0131nt\u0131lar\u0131n\u0131, sorunlar\u0131n\u0131 tespit ederek, bunlarla ilgili \u00e7al\u0131\u015fmalar yapmak ve \u00f6ncelikle de Amasya\u2019da milli e\u011fitim bakanl\u0131\u011f\u0131, adalet bakanl\u0131\u011f\u0131 ve maliye bakanl\u0131\u011f\u0131ndaki birimlerde \u00e7al\u0131\u015fan 64 arkada\u015f\u0131m\u0131z Hak Sen\u2019e \u00fcyeliklerini vermek suretiyle aram\u0131za kat\u0131lm\u0131\u015flard\u0131r. Bu kat\u0131l\u0131m\u0131 ger\u00e7ekle\u015ftirmek suretiyle Amasya\u2019da bulunuyoruz.<\/p>\n<p>Biz Hak ve Eme\u011fin sendikas\u0131y\u0131z, bizim m\u00fccadelemiz hak ve emek eksenindedir. Siyasi ideolojik referanslardan uzak, demokrasiden ve insan haklar\u0131ndan yana bir anlay\u0131\u015fla da bu m\u00fccadelemizi s\u00fcrd\u00fcrece\u011fiz. G\u00fczel \u00fclkemizde bu g\u00fczelli\u011fi bozacak, devletimizin birli\u011fini b\u00fct\u00fcnl\u00fc\u011f\u00fcn\u00fc, vatanda\u015f\u0131m\u0131z\u0131n huzurunu bozacak pek \u00e7ok ter\u00f6r eylemi, pek \u00e7ok sald\u0131r\u0131lar ger\u00e7ekle\u015fti. Biz Hak Sen olarak her zaman ter\u00f6r\u00fcn kar\u015f\u0131s\u0131nda durduk, devletimizin yan\u0131nda olduk bu konuda. Hak Sen y\u00fczde y\u00fcz bir sivil toplum \u00f6rg\u00fct\u00fcd\u00fcr ve demokrasinin her zaman yan\u0131nda olmu\u015ftur. \u00dclkemiz 15 Temmuzda \u00e7ok al\u00e7ak bir darbe giri\u015fimiyle kar\u015f\u0131 kar\u015f\u0131ya kald\u0131 ve bu darbe giri\u015fimine alet olanlar da b\u00fcy\u00fck \u00f6l\u00e7\u00fcde kamu g\u00f6revlileriydi. Her zaman demokrasinin ve devletimizin yan\u0131nda olarak kamu g\u00f6revlileri sadece ve sadece milletine ve devletine sadakat duymal\u0131d\u0131r. Yedi\u011fi ekme\u011fe ihanet eden soysuzlar \u00e7\u0131kabilir.  Ben bir kez daha bu al\u00e7aklar\u0131 lanetliyorum. Memur devletin memuru olmal\u0131, milletin memuru olmal\u0131, liyakat sahibi olmal\u0131 ve sadakat sahibi olmal\u0131d\u0131r. Biz bu \u00e7izgide m\u00fccadelemizi de s\u00fcrd\u00fcrece\u011fiz. Pek \u00e7ok sendika ve sivil toplum kurulu\u015fu, bu konuda \u00fcyeleri hakk\u0131nda irade beyan\u0131nda bulunmu\u015flard\u0131r. Burada da biz farkl\u0131 d\u00fc\u015f\u00fcn\u00fcyoruz. Sendikalar bir se\u00e7men de\u011fildir.  Sendikalar\u0131n bu konuda bir oy kullanma yetkisi yoktur. Sendika y\u00f6neticilerinin t\u00fcm \u00fcyelerini kapsayacak bir \u015fekilde irade beyan etmeleri, \u00fcyelerinin iradelerine yap\u0131lan bir sayg\u0131s\u0131zl\u0131kt\u0131r.\u201d dedi.<\/p>\n<p>Referandum ile ilgili d\u00fc\u015f\u00fcncelerini dile getiren Genel Ba\u015fkan \u00c7ivi: \u201cBir Konfederasyon Genel Ba\u015fkan\u0131 olarak benim ki\u015fisel d\u00fc\u015f\u00fcncemden daha \u00f6nemlisi sendikan\u0131n bak\u0131\u015f a\u00e7\u0131s\u0131d\u0131r. Ben sendikam\u0131 her anlamda temsil eden bir insan\u0131m. Bu anlamda ben ki\u015fisel g\u00f6r\u00fc\u015f\u00fcm\u00fc beyan etmenin do\u011fru olmad\u0131\u011f\u0131n\u0131 d\u00fc\u015f\u00fcn\u00fcyorum. Sendikam\u0131z\u0131n yetkili kurullar\u0131n\u0131n ald\u0131\u011f\u0131 bir kara vard\u0131r, bu konuda biz bir irade beyan\u0131nda bulunmayaca\u011f\u0131z. Bu karar genel ba\u015fkan olarak beni de ba\u011flar. Bu anlamda da ben kendi h\u00fcr irademle gidip sand\u0131kta tercihimi ortaya koyaca\u011f\u0131m\u201d diye konu\u015ftu.<\/p>\n<h2 style='margin:20px 0;'>\u0130\u00e7erik Galerisi<\/h2>\n<p><img decoding=\"async\" src=\"wp-content\/uploads\/2016\/12\/466610635.jpg\" alt=\"Amasya'da Haksen r\u00fczgar\u0131 esti\" style=\"width:100%;\" \/><\/p>\n<p><img decoding=\"async\" src=\"wp-content\/uploads\/2016\/12\/322594637.jpg\" alt=\"Amasya'da Haksen r\u00fczgar\u0131 esti\" style=\"width:100%;\" \/><\/p>\n<p><img decoding=\"async\" src=\"wp-content\/uploads\/2016\/12\/238776086.jpg\" alt=\"Amasya'da Haksen r\u00fczgar\u0131 esti\" style=\"width:100%;\" \/><\/p>\n","protected":false},"excerpt":{"rendered":"<p>Haksen Genel Ba\u015fkan\u0131 Ayhan \u00c7ivi ve sendika genel ba\u015fkanlar\u0131 Amasya&#8217;da kamu kurumlar\u0131n\u0131 ziyaret ettiler.<\/p>\n","protected":false},"author":1,"featured_media":3489,"comment_status":"closed","ping_status":"open","sticky":false,"template":"","format":"standard","meta":{"footnotes":""},"categories":[],"tags":[],"class_list":["post-3488","post","type-post","status-publish","format-standard","has-post-thumbnail"],"_links":{"self":[{"href":"https:\/\/haksen.org.tr\/index.php?rest_route=\/wp\/v2\/posts\/3488","targetHints":{"allow":["GET"]}}],"collection":[{"href":"https:\/\/haksen.org.tr\/index.php?rest_route=\/wp\/v2\/posts"}],"about":[{"href":"https:\/\/haksen.org.tr\/index.php?rest_route=\/wp\/v2\/types\/post"}],"author":[{"embeddable":true,"href":"https:\/\/haksen.org.tr\/index.php?rest_route=\/wp\/v2\/users\/1"}],"replies":[{"embeddable":true,"href":"https:\/\/haksen.org.tr\/index.php?rest_route=%2Fwp%2Fv2%2Fcomments&post=3488"}],"version-history":[{"count":0,"href":"https:\/\/haksen.org.tr\/index.php?rest_route=\/wp\/v2\/posts\/3488\/revisions"}],"wp:featuredmedia":[{"embeddable":true,"href":"https:\/\/haksen.org.tr\/index.php?rest_route=\/wp\/v2\/media\/3489"}],"wp:attachment":[{"href":"https:\/\/haksen.org.tr\/index.php?rest_route=%2Fwp%2Fv2%2Fmedia&parent=3488"}],"wp:term":[{"taxonomy":"category","embeddable":true,"href":"https:\/\/haksen.org.tr\/index.php?rest_route=%2Fwp%2Fv2%2Fcategories&post=3488"},{"taxonomy":"post_tag","embeddable":true,"href":"https:\/\/haksen.org.tr\/index.php?rest_route=%2Fwp%2Fv2%2Ftags&post=3488"}],"curies":[{"name":"wp","href":"https:\/\/api.w.org\/{rel}","templated":true}]}}