{"id":3485,"date":"2017-03-07T12:00:00","date_gmt":"2017-03-07T12:00:00","guid":{"rendered":"http:\/\/haksen.org.tr\/?p=3485"},"modified":"2017-03-07T12:00:00","modified_gmt":"2017-03-07T12:00:00","slug":"kirikkale-valisi-milker-haktankacmazi-ziyaret","status":"publish","type":"post","link":"https:\/\/haksen.org.tr\/?p=3485","title":{"rendered":"K\u0131r\u0131kkale Valisi M.\u0130lker Haktanka\u00e7maz&#8217;\u0131 ziyaret"},"content":{"rendered":"<p>Ziyarete, E\u011fitim Hak-Sen Genel Ba\u015fkan\u0131 Hanifi G\u00f6k\u00e7ek, Haksen Te\u015fkilatland\u0131rma Koordinat\u00f6r\u00fc \u0130smet Ta\u015f, Haksen K\u0131r\u0131kkale \u0130l Temsilcisi Ferhat K\u00f6ksal ve B\u00fcro Hak-Sen K\u0131r\u0131kkale \u0130l Temsilcisi Atilla Bacanak<br \/>\nKamu kat\u0131lad\u0131lar.<\/p>\n<p>\u00c7al\u0131\u015fanlar\u0131 Hak Sendikalar\u0131 Konfederasyonu (Hak-Sen) Genel Ba\u015fkan\u0131 Ayhan \u00c7ivi, sendikalar\u0131n\u0131n siyasi veya ideolojik herhangi bir referansa dayanmad\u0131\u011f\u0131n\u0131, insanlar\u0131 bir araya getirmeyi ama\u00e7layan bir vizyon ta\u015f\u0131d\u0131\u011f\u0131n\u0131 s\u00f6yledi.<\/p>\n<p>Ba\u015fkan \u00c7ivi ve Y\u00f6netim Kurulu \u00fcyeleri, K\u0131r\u0131kkale Valisi Mehmet \u0130lker Haktanka\u00e7maz&#8217;\u0131 ziyaret etti.<\/p>\n<p>Vali Haktanka\u00e7maz, ziyarette yapt\u0131\u011f\u0131 konu\u015fmada, sendikac\u0131l\u0131kta son d\u00f6nemlerde g\u00fczel \u00e7al\u0131\u015fmalara imza at\u0131ld\u0131\u011f\u0131n\u0131 belirtti.<\/p>\n<p>\u00d6nceleri i\u015fverenin, sendikalara d\u00fc\u015fman gibi g\u00f6z\u00fckt\u00fc\u011f\u00fcn\u00fc belirten Haktanka\u00e7maz, &#8220;Sendikac\u0131l\u0131\u011f\u0131n gelene\u011fi biraz b\u00f6yle ama art\u0131k \u00f6yle de\u011fil. Devletin sahibi biziz. Bayra\u011fa, demokrasiye sahip \u00e7\u0131kmak. Bunlar olmazsa olmaz\u0131m\u0131z. Bunun yan\u0131nda da hem memurlara sahip \u00e7\u0131kmak hem hizmet kalitesini art\u0131rmak \u00f6nemli. \u0130n\u015fallah Hak-Sen gibi sendikalar\u0131m\u0131z\u0131n say\u0131s\u0131 artar.&#8221; diye konu\u015ftu.<\/p>\n<p>Genel Ba\u015fkan \u00c7ivi de sendika olarak memurlar\u0131 kamu g\u00f6revlisi ortak paydas\u0131nda birle\u015ftirmeyi ama\u00e7lad\u0131klar\u0131n\u0131 belirtti.<\/p>\n<p>Kamu y\u00f6neticilerinden taleplerini dile getiren \u00c7ivi, \u015f\u00f6yle konu\u015ftu:<\/p>\n<p>&#8220;Ayr\u0131cal\u0131ktan ziyade kanunlar t\u00fcm kamu g\u00f6revlilerine adil, e\u015fit ve tarafs\u0131z uygulanmal\u0131. Bug\u00fcne kadar kamu kurumlar\u0131nda bizim hep itiraz noktam\u0131z bunlar olmu\u015ftur. Adaletli bir y\u00f6netim oldu\u011fu zaman kimsenin itiraz etmesi s\u00f6z konusu olamaz. Sendikalar, evrensel \u00e7al\u0131\u015fma hayat\u0131n\u0131n bir par\u00e7as\u0131, bir sosyal taraf olarak kabul ediliyor. \u015eu anda T\u00fcrkiye genelinde 62 ilde te\u015fkilat\u0131m\u0131z\u0131 olu\u015fturduk. \u00c7al\u0131\u015fmalar\u0131m\u0131z\u0131 s\u00fcrd\u00fcr\u00fcyoruz. Sendikam\u0131z, siyasi veya ideolojik herhangi bir referansa dayanmadan insanlar\u0131 bir araya getirmeyi ama\u00e7layan bir vizyonu ta\u015f\u0131yor.&#8221;<\/p>\n<p>\u00c7ivi, T\u00fcrkiye&#8217;nin 16 Nisan&#8217;da halk oylamas\u0131 s\u00fcrecini ya\u015fayaca\u011f\u0131n\u0131, kendilerinin \u00fcyeleri ad\u0131na herhangi bir irade beyan\u0131nda bulunmas\u0131n\u0131n do\u011fru olmad\u0131\u011f\u0131n\u0131 vurgulad\u0131.<\/p>\n<p>&#8220;\u00dcyelerimiz, memleketimiz ve devletimiz i\u00e7in hangisinin uygun oldu\u011funu d\u00fc\u015f\u00fcn\u00fcyorsa ona g\u00f6re tercihlerini yapacaklard\u0131r.&#8221; diyen \u00c7ivi, halk oylamas\u0131n\u0131n memleketin hayr\u0131na sonu\u00e7lanmas\u0131 temennisinde bulundu.<\/p>\n<h2 style='margin:20px 0;'>\u0130\u00e7erik Galerisi<\/h2>\n<p><img decoding=\"async\" src=\"wp-content\/uploads\/2016\/12\/198168208.JPG\" alt=\"K\u0131r\u0131kkale Valisi M.\u0130lker Haktanka\u00e7maz'\u0131 ziyaret\" style=\"width:100%;\" \/><\/p>\n","protected":false},"excerpt":{"rendered":"<p>Haksen Genel Ba\u015fkan\u0131 Ayhan \u00c7ivi, K\u0131r\u0131kkale Valisi Mehmet \u0130lker Haktanka\u00e7maz&#8217;\u0131 ziyaret etti.<\/p>\n","protected":false},"author":1,"featured_media":3486,"comment_status":"closed","ping_status":"open","sticky":false,"template":"","format":"standard","meta":{"footnotes":""},"categories":[],"tags":[],"class_list":["post-3485","post","type-post","status-publish","format-standard","has-post-thumbnail"],"_links":{"self":[{"href":"https:\/\/haksen.org.tr\/index.php?rest_route=\/wp\/v2\/posts\/3485","targetHints":{"allow":["GET"]}}],"collection":[{"href":"https:\/\/haksen.org.tr\/index.php?rest_route=\/wp\/v2\/posts"}],"about":[{"href":"https:\/\/haksen.org.tr\/index.php?rest_route=\/wp\/v2\/types\/post"}],"author":[{"embeddable":true,"href":"https:\/\/haksen.org.tr\/index.php?rest_route=\/wp\/v2\/users\/1"}],"replies":[{"embeddable":true,"href":"https:\/\/haksen.org.tr\/index.php?rest_route=%2Fwp%2Fv2%2Fcomments&post=3485"}],"version-history":[{"count":0,"href":"https:\/\/haksen.org.tr\/index.php?rest_route=\/wp\/v2\/posts\/3485\/revisions"}],"wp:featuredmedia":[{"embeddable":true,"href":"https:\/\/haksen.org.tr\/index.php?rest_route=\/wp\/v2\/media\/3486"}],"wp:attachment":[{"href":"https:\/\/haksen.org.tr\/index.php?rest_route=%2Fwp%2Fv2%2Fmedia&parent=3485"}],"wp:term":[{"taxonomy":"category","embeddable":true,"href":"https:\/\/haksen.org.tr\/index.php?rest_route=%2Fwp%2Fv2%2Fcategories&post=3485"},{"taxonomy":"post_tag","embeddable":true,"href":"https:\/\/haksen.org.tr\/index.php?rest_route=%2Fwp%2Fv2%2Ftags&post=3485"}],"curies":[{"name":"wp","href":"https:\/\/api.w.org\/{rel}","templated":true}]}}