{"id":3481,"date":"2017-02-23T12:00:00","date_gmt":"2017-02-23T12:00:00","guid":{"rendered":"http:\/\/haksen.org.tr\/?p=3481"},"modified":"2017-02-23T12:00:00","modified_gmt":"2017-02-23T12:00:00","slug":"ak-parti-grup-bskvekili-mustafa-elitasi-ziyaret-","status":"publish","type":"post","link":"https:\/\/haksen.org.tr\/?p=3481","title":{"rendered":"Ak Parti Grup B\u015fkvekili Mustafa Elita\u015f&#8217;\u0131 ziyaret"},"content":{"rendered":"<p>Ziyarette Haksen Genel Ba\u015fkan\u0131 Ayhan \u00c7ivi; kamu g\u00f6revlilerinin i\u015f g\u00fcvencesi, ek \u00f6demelerin emekli ayl\u0131klar\u0131na dahil edilmesi, \u00e7al\u0131\u015fanlar\u0131n vergi y\u00fck\u00fcn\u00fcn azalt\u0131lmas\u0131, 4\/C&#8217;li personelin kadroya ge\u00e7irilmesi, yard\u0131mc\u0131 hizmetler s\u0131n\u0131f\u0131n\u0131n genel idari hizmetlere al\u0131nmas\u0131, m\u00fcba\u015firlerin genel idari hizmetlere al\u0131nmas\u0131, \u00f6\u011fretmenlere 3600 ek g\u00f6sterge verilmesi, yemek yard\u0131m\u0131n\u0131n t\u00fcm memurlar\u0131 kapsayacak \u015fekilde d\u00fczenlenmesi, ye\u015fil pasaport&#8217;un derece yerine hizmet y\u0131l\u0131 esas\u0131na g\u00f6re verilmesi, koruma ve g\u00fcvenlik personeli, posta da\u011f\u0131t\u0131c\u0131s\u0131, anket\u00f6r, bek\u00e7i, yarg\u0131 \u00e7al\u0131\u015fanlar\u0131 ve arama ve kurtarma personeline y\u0131pranma pay\u0131 verilmesi, meslek lisesi mezunu a\u015f\u00e7\u0131 ve garsonlar\u0131n teknik hizmetler s\u0131n\u0131f\u0131na al\u0131nmas\u0131, meteoroloji personeline havac\u0131l\u0131k tazminat\u0131 \u00f6denmesi, \u015fehit ve gazi yak\u0131nlar\u0131n\u0131n g\u00fcncel tahsil durumuna g\u00f6re g\u00f6revde y\u00fckseltilmesi, s\u00f6zle\u015fmeli okutmanlar\u0131n kadroya al\u0131nmas\u0131, b\u00fcy\u00fck \u015fehirlerde servis hizmeti alamayan personele toplu ula\u015f\u0131m kart\u0131 verilmesi , hakim ve savc\u0131lar\u0131n maa\u015flar\u0131nda yap\u0131lacak art\u0131\u015fa ili\u015fkin d\u00fczenlemeye yarg\u0131 \u00e7al\u0131\u015fanlar\u0131n\u0131n da dahil edilmesi, maliye bakanl\u0131\u011f\u0131 gelir ve gider personeli i\u00e7in kurum i\u00e7i uzmanl\u0131k s\u0131nav\u0131 a\u00e7\u0131lmas\u0131 ve \u00fccret adaletsizli\u011finin giderilmesi konular\u0131nda g\u00f6r\u00fc\u015f ve taleplerini iletti.<\/p>\n<p>Ak Parti Grup Ba\u015fkanvekili Mustafa Elita\u015f, ziyaret nedeniyle heyete te\u015fekk\u00fcr ederek, yasama faaliyetlerinde ilgili konular\u0131n de\u011ferlendirilece\u011fini, s\u00f6yledi.<\/p>\n<h2 style='margin:20px 0;'>\u0130\u00e7erik Galerisi<\/h2>\n<p><img decoding=\"async\" src=\"wp-content\/uploads\/2016\/12\/146824053.JPG\" alt=\"Ak Parti Grup B\u015fkvekili Mustafa Elita\u015f'\u0131 ziyaret \" style=\"width:100%;\" \/><\/p>\n<p><img decoding=\"async\" src=\"wp-content\/uploads\/2016\/12\/53246722.JPG\" alt=\"Ak Parti Grup B\u015fkvekili Mustafa Elita\u015f'\u0131 ziyaret \" style=\"width:100%;\" \/><\/p>\n","protected":false},"excerpt":{"rendered":"<p>Haksen Genel Ba\u015fkan\u0131 Ayhan \u00c7ivi, beraberindeki heyetle birlikte Ak Parti Grup Ba\u015fkanvekili say\u0131n Mustafa Elita\u015f&#8217;\u0131 TBMM&#8217;de ziyaret etti.<\/p>\n","protected":false},"author":1,"featured_media":3482,"comment_status":"closed","ping_status":"open","sticky":false,"template":"","format":"standard","meta":{"footnotes":""},"categories":[],"tags":[],"class_list":["post-3481","post","type-post","status-publish","format-standard","has-post-thumbnail"],"_links":{"self":[{"href":"https:\/\/haksen.org.tr\/index.php?rest_route=\/wp\/v2\/posts\/3481","targetHints":{"allow":["GET"]}}],"collection":[{"href":"https:\/\/haksen.org.tr\/index.php?rest_route=\/wp\/v2\/posts"}],"about":[{"href":"https:\/\/haksen.org.tr\/index.php?rest_route=\/wp\/v2\/types\/post"}],"author":[{"embeddable":true,"href":"https:\/\/haksen.org.tr\/index.php?rest_route=\/wp\/v2\/users\/1"}],"replies":[{"embeddable":true,"href":"https:\/\/haksen.org.tr\/index.php?rest_route=%2Fwp%2Fv2%2Fcomments&post=3481"}],"version-history":[{"count":0,"href":"https:\/\/haksen.org.tr\/index.php?rest_route=\/wp\/v2\/posts\/3481\/revisions"}],"wp:featuredmedia":[{"embeddable":true,"href":"https:\/\/haksen.org.tr\/index.php?rest_route=\/wp\/v2\/media\/3482"}],"wp:attachment":[{"href":"https:\/\/haksen.org.tr\/index.php?rest_route=%2Fwp%2Fv2%2Fmedia&parent=3481"}],"wp:term":[{"taxonomy":"category","embeddable":true,"href":"https:\/\/haksen.org.tr\/index.php?rest_route=%2Fwp%2Fv2%2Fcategories&post=3481"},{"taxonomy":"post_tag","embeddable":true,"href":"https:\/\/haksen.org.tr\/index.php?rest_route=%2Fwp%2Fv2%2Ftags&post=3481"}],"curies":[{"name":"wp","href":"https:\/\/api.w.org\/{rel}","templated":true}]}}