{"id":3479,"date":"2017-02-21T12:00:00","date_gmt":"2017-02-21T12:00:00","guid":{"rendered":"http:\/\/haksen.org.tr\/?p=3479"},"modified":"2017-02-21T12:00:00","modified_gmt":"2017-02-21T12:00:00","slug":"chp-grup-baskanvekili-levent-goku-ziyaret","status":"publish","type":"post","link":"https:\/\/haksen.org.tr\/?p=3479","title":{"rendered":"CHP Grup Ba\u015fkanvekili Levent G\u00d6K&#8217;\u00fc ziyaret"},"content":{"rendered":"<p>Kamu \u00e7al\u0131\u015fanlar\u0131n\u0131n ya\u015fad\u0131\u011f\u0131 sorunlar\u0131 TBMM&#8217;de grubu bulunan siyasi partilere iletmek ve \u00e7\u00f6z\u00fcm\u00fc i\u00e7in destek talep etmek amac\u0131yla ziyaretlerimiz devam ediyor.<\/p>\n<p>Bu kapsamda Haksen Genel Ba\u015fkan\u0131 Ayhan \u00c7ivi, beraberindeki heyetle birlikte Cumhuriyet Halk Partisi Grup Ba\u015fkanvekili say\u0131n Levent G\u00f6k&#8217;\u00fc TBMM&#8217;deki makam odas\u0131nda ziyaret etti.<\/p>\n<p>Ziyarette, kamu \u00e7al\u0131\u015fanlar\u0131n\u0131n ba\u015fta i\u015f g\u00fcvencesi olmak \u00fczere, konfederasyonumuzun taleplerini ileterek, TBMM&#8217;deki yasama faaliyetlerinde desteklerini talep etti.<\/p>\n<p>CHP Grup Ba\u015fkanvekili Levent G\u00f6k ziyaret nedeniyle heyete te\u015fekk\u00fcr ederek, sunulan dosyay\u0131 detayl\u0131 bir \u015fekilde inceleyerek gerekli deste\u011fi vereceklerini s\u00f6yledi.<\/p>\n","protected":false},"excerpt":{"rendered":"<p>Haksen Genel Ba\u015fkan\u0131 Ayhan \u00c7ivi, beraberindeki heyetle birlikte CHP Grup Ba\u015fkanvekili Levent G\u00f6k&#8217;\u00fc TBMM&#8217;de ziyaret etti.<\/p>\n","protected":false},"author":1,"featured_media":3480,"comment_status":"closed","ping_status":"open","sticky":false,"template":"","format":"standard","meta":{"footnotes":""},"categories":[],"tags":[],"class_list":["post-3479","post","type-post","status-publish","format-standard","has-post-thumbnail"],"_links":{"self":[{"href":"https:\/\/haksen.org.tr\/index.php?rest_route=\/wp\/v2\/posts\/3479","targetHints":{"allow":["GET"]}}],"collection":[{"href":"https:\/\/haksen.org.tr\/index.php?rest_route=\/wp\/v2\/posts"}],"about":[{"href":"https:\/\/haksen.org.tr\/index.php?rest_route=\/wp\/v2\/types\/post"}],"author":[{"embeddable":true,"href":"https:\/\/haksen.org.tr\/index.php?rest_route=\/wp\/v2\/users\/1"}],"replies":[{"embeddable":true,"href":"https:\/\/haksen.org.tr\/index.php?rest_route=%2Fwp%2Fv2%2Fcomments&post=3479"}],"version-history":[{"count":0,"href":"https:\/\/haksen.org.tr\/index.php?rest_route=\/wp\/v2\/posts\/3479\/revisions"}],"wp:featuredmedia":[{"embeddable":true,"href":"https:\/\/haksen.org.tr\/index.php?rest_route=\/wp\/v2\/media\/3480"}],"wp:attachment":[{"href":"https:\/\/haksen.org.tr\/index.php?rest_route=%2Fwp%2Fv2%2Fmedia&parent=3479"}],"wp:term":[{"taxonomy":"category","embeddable":true,"href":"https:\/\/haksen.org.tr\/index.php?rest_route=%2Fwp%2Fv2%2Fcategories&post=3479"},{"taxonomy":"post_tag","embeddable":true,"href":"https:\/\/haksen.org.tr\/index.php?rest_route=%2Fwp%2Fv2%2Ftags&post=3479"}],"curies":[{"name":"wp","href":"https:\/\/api.w.org\/{rel}","templated":true}]}}