{"id":3476,"date":"2017-02-16T12:00:00","date_gmt":"2017-02-16T12:00:00","guid":{"rendered":"http:\/\/haksen.org.tr\/?p=3476"},"modified":"2017-02-16T12:00:00","modified_gmt":"2017-02-16T12:00:00","slug":"mhp-grup-baskanvekili-erkan-akcayi--ziyaret","status":"publish","type":"post","link":"https:\/\/haksen.org.tr\/?p=3476","title":{"rendered":"MHP Grup Ba\u015fkanvekili Erkan Ak\u00e7ay\u2019\u0131  ziyaret"},"content":{"rendered":"<p>Kamu \u00c7al\u0131\u015fanlar\u0131n\u0131n i\u015f g\u00fcvencesi ba\u015fta olmak \u00fczere g\u00fcncel sorunlar\u0131 hakk\u0131nda bilgi veren Haksen Genel Ba\u015fkan\u0131 Ayhan \u00c7ivi, konuyla ilgili sendikam\u0131z taraf\u0131ndan haz\u0131rlanan dosyay\u0131 iletti. \u00c7ivi, TBMM\u2019deki yasama faaliyetlerinde kamu \u00e7al\u0131\u015fanlar\u0131n\u0131 yak\u0131ndan ilgilendiren konulardaki g\u00fcncel taleplerini de ileteceklerini s\u00f6yledi.<\/p>\n<p>MHP Grup Ba\u015fkan Vekili Erkan Ak\u00e7ay; ziyaretten duydu\u011fu memnuniyeti belirterek, kamu \u00e7al\u0131\u015fanlar\u0131n\u0131n i\u015f g\u00fcvencesinin mutlaka olmas\u0131 gerekti\u011fini, iletilen sorunlar\u0131n \u00e7\u00f6z\u00fcm\u00fc konusunda gerekli  hassasiyetin g\u00f6sterilece\u011fini ifade etti.<\/p>\n<p>Sendikam\u0131z\u0131n taleplerini i\u00e7eren rapor ekte sunulmu\u015ftur.<\/p>\n<h2 style='margin:20px 0;'>\u0130\u00e7erik Galerisi<\/h2>\n<p><img decoding=\"async\" src=\"wp-content\/uploads\/2016\/12\/906198889.jpg\" alt=\"MHP Grup Ba\u015fkanvekili Erkan Ak\u00e7ay\u2019\u0131  ziyaret\" style=\"width:100%;\" \/><\/p>\n","protected":false},"excerpt":{"rendered":"<p>Haksen Genel Ba\u015fkan\u0131 Ayhan \u00c7ivi, beraberindeki heyetle birlikte MHP Grup Ba\u015fkanvekili Erkan Ak\u00e7ay\u2019\u0131 TBMM\u2019de ziyaret etti.<\/p>\n","protected":false},"author":1,"featured_media":3478,"comment_status":"closed","ping_status":"open","sticky":false,"template":"","format":"standard","meta":{"footnotes":""},"categories":[],"tags":[],"class_list":["post-3476","post","type-post","status-publish","format-standard","has-post-thumbnail"],"_links":{"self":[{"href":"https:\/\/haksen.org.tr\/index.php?rest_route=\/wp\/v2\/posts\/3476","targetHints":{"allow":["GET"]}}],"collection":[{"href":"https:\/\/haksen.org.tr\/index.php?rest_route=\/wp\/v2\/posts"}],"about":[{"href":"https:\/\/haksen.org.tr\/index.php?rest_route=\/wp\/v2\/types\/post"}],"author":[{"embeddable":true,"href":"https:\/\/haksen.org.tr\/index.php?rest_route=\/wp\/v2\/users\/1"}],"replies":[{"embeddable":true,"href":"https:\/\/haksen.org.tr\/index.php?rest_route=%2Fwp%2Fv2%2Fcomments&post=3476"}],"version-history":[{"count":0,"href":"https:\/\/haksen.org.tr\/index.php?rest_route=\/wp\/v2\/posts\/3476\/revisions"}],"wp:featuredmedia":[{"embeddable":true,"href":"https:\/\/haksen.org.tr\/index.php?rest_route=\/wp\/v2\/media\/3478"}],"wp:attachment":[{"href":"https:\/\/haksen.org.tr\/index.php?rest_route=%2Fwp%2Fv2%2Fmedia&parent=3476"}],"wp:term":[{"taxonomy":"category","embeddable":true,"href":"https:\/\/haksen.org.tr\/index.php?rest_route=%2Fwp%2Fv2%2Fcategories&post=3476"},{"taxonomy":"post_tag","embeddable":true,"href":"https:\/\/haksen.org.tr\/index.php?rest_route=%2Fwp%2Fv2%2Ftags&post=3476"}],"curies":[{"name":"wp","href":"https:\/\/api.w.org\/{rel}","templated":true}]}}