{"id":3466,"date":"2017-02-08T12:00:00","date_gmt":"2017-02-08T12:00:00","guid":{"rendered":"http:\/\/haksen.org.tr\/?p=3466"},"modified":"2017-02-08T12:00:00","modified_gmt":"2017-02-08T12:00:00","slug":"sendikalarimizda-olagan-genel-kurul-coskusu","status":"publish","type":"post","link":"https:\/\/haksen.org.tr\/?p=3466","title":{"rendered":"Sendikalar\u0131m\u0131zda Ola\u011fan Genel Kurul Co\u015fkusu"},"content":{"rendered":"<p>B\u00fcro Hak-Sen, E\u011fitim Hak-Sen, Sa\u011fl\u0131k Hak-Sen, \u0130mar Hak-Sen, To\u00e7 Hak-Sen, Yerel Hak-Sen, Enerji Hak-Sen ve Haber Hak-Sen\u2019in ola\u011fan genel kurullar\u0131 28-29 Ocak 2017 tarihlerinde Ankara Bera Otel\u2019de yap\u0131ld\u0131.<\/p>\n<p>Sendika genel kurullar\u0131n\u0131n resmi g\u00fcndemi \u00f6ncesindeki sabah b\u00f6l\u00fcm\u00fcnde t\u00fcm delegelerin kat\u0131l\u0131m\u0131 ile yap\u0131lan toplant\u0131da \u00e7e\u015fitli konularda sunumlar ve de\u011ferlendirmeler yap\u0131ld\u0131.<\/p>\n<p>Bu b\u00f6l\u00fcmde konu\u015fan Haksen Genel Ba\u015fkan\u0131 Ayhan \u00c7ivi, \u00fclkemizin ve kamu \u00e7al\u0131\u015fanlar\u0131n\u0131n g\u00fcndemine ili\u015fkin konularda \u00f6nemli a\u00e7\u0131klamalar yapt\u0131.<\/p>\n<p>Haksen E\u011fitim Koordinat\u00f6r\u00fc Umut Yanarda\u011f, konfederasyonumuzun vizyonu, misyonu ve insan haklar\u0131na dayal\u0131 sendikac\u0131l\u0131k ilkesini i\u00e7eren bir sunum yapt\u0131.<\/p>\n<p>B\u00fcro Hak-Sen Maliye \u015eubesi E\u011fitim Sekreteri Emine \u00d6zt\u00fcrk,  etkili ve do\u011fru ileti\u015fim y\u00f6ntemlerine ili\u015fkin sunum yapt\u0131.<\/p>\n<p>Haksen Hukuk Koordinat\u00f6r\u00fc Asuman Bozo\u011flu&#8217;nun sendika y\u00f6neticisi ve temsilcilerinin bilmesi gereken yasal mevzuatlar\u0131 i\u00e7eren sunumunun ard\u0131ndan s\u00f6z alan delegeler talep, \u00f6neri ve ele\u015ftirilerini dile getirdiler.<\/p>\n<p>Sabah yap\u0131lan genel toplant\u0131n\u0131n ard\u0131ndan \u00f6\u011fleden sonra farkl\u0131 salonlarda sendikalar\u0131n resmi genel kurul toplant\u0131lar\u0131 yap\u0131ld\u0131.<\/p>\n<h2 style='margin:20px 0;'>\u0130\u00e7erik Galerisi<\/h2>\n<p><img decoding=\"async\" src=\"wp-content\/uploads\/2016\/12\/222275863.JPG\" alt=\"Sendikalar\u0131m\u0131zda Ola\u011fan Genel Kurul Co\u015fkusu\" style=\"width:100%;\" \/><\/p>\n<p><img decoding=\"async\" src=\"wp-content\/uploads\/2016\/12\/734935413.JPG\" alt=\"Sendikalar\u0131m\u0131zda Ola\u011fan Genel Kurul Co\u015fkusu\" style=\"width:100%;\" \/><\/p>\n<p><img decoding=\"async\" src=\"wp-content\/uploads\/2016\/12\/33362586.JPG\" alt=\"Sendikalar\u0131m\u0131zda Ola\u011fan Genel Kurul Co\u015fkusu\" style=\"width:100%;\" \/><\/p>\n<p><img decoding=\"async\" src=\"wp-content\/uploads\/2016\/12\/952848754.JPG\" alt=\"Sendikalar\u0131m\u0131zda Ola\u011fan Genel Kurul Co\u015fkusu\" style=\"width:100%;\" \/><\/p>\n<p><img decoding=\"async\" src=\"wp-content\/uploads\/2016\/12\/63591958.JPG\" alt=\"Sendikalar\u0131m\u0131zda Ola\u011fan Genel Kurul Co\u015fkusu\" style=\"width:100%;\" \/><\/p>\n<p><img decoding=\"async\" src=\"wp-content\/uploads\/2016\/12\/55474800.JPG\" alt=\"Sendikalar\u0131m\u0131zda Ola\u011fan Genel Kurul Co\u015fkusu\" style=\"width:100%;\" \/><\/p>\n<p><img decoding=\"async\" src=\"wp-content\/uploads\/2016\/12\/259567618.JPG\" alt=\"Sendikalar\u0131m\u0131zda Ola\u011fan Genel Kurul Co\u015fkusu\" style=\"width:100%;\" \/><\/p>\n<p><img decoding=\"async\" src=\"wp-content\/uploads\/2016\/12\/168512399.JPG\" alt=\"Sendikalar\u0131m\u0131zda Ola\u011fan Genel Kurul Co\u015fkusu\" style=\"width:100%;\" \/><\/p>\n","protected":false},"excerpt":{"rendered":"<p>Haksen\u2019e \u00fcye sekiz sendikam\u0131z\u0131n ola\u011fan genel kurullar\u0131 birlik ve b\u00fct\u00fcnl\u00fck i\u00e7erisinde ve  co\u015fkuyla yap\u0131ld\u0131.<\/p>\n","protected":false},"author":1,"featured_media":3467,"comment_status":"closed","ping_status":"open","sticky":false,"template":"","format":"standard","meta":{"footnotes":""},"categories":[],"tags":[],"class_list":["post-3466","post","type-post","status-publish","format-standard","has-post-thumbnail"],"_links":{"self":[{"href":"https:\/\/haksen.org.tr\/index.php?rest_route=\/wp\/v2\/posts\/3466","targetHints":{"allow":["GET"]}}],"collection":[{"href":"https:\/\/haksen.org.tr\/index.php?rest_route=\/wp\/v2\/posts"}],"about":[{"href":"https:\/\/haksen.org.tr\/index.php?rest_route=\/wp\/v2\/types\/post"}],"author":[{"embeddable":true,"href":"https:\/\/haksen.org.tr\/index.php?rest_route=\/wp\/v2\/users\/1"}],"replies":[{"embeddable":true,"href":"https:\/\/haksen.org.tr\/index.php?rest_route=%2Fwp%2Fv2%2Fcomments&post=3466"}],"version-history":[{"count":0,"href":"https:\/\/haksen.org.tr\/index.php?rest_route=\/wp\/v2\/posts\/3466\/revisions"}],"wp:featuredmedia":[{"embeddable":true,"href":"https:\/\/haksen.org.tr\/index.php?rest_route=\/wp\/v2\/media\/3467"}],"wp:attachment":[{"href":"https:\/\/haksen.org.tr\/index.php?rest_route=%2Fwp%2Fv2%2Fmedia&parent=3466"}],"wp:term":[{"taxonomy":"category","embeddable":true,"href":"https:\/\/haksen.org.tr\/index.php?rest_route=%2Fwp%2Fv2%2Fcategories&post=3466"},{"taxonomy":"post_tag","embeddable":true,"href":"https:\/\/haksen.org.tr\/index.php?rest_route=%2Fwp%2Fv2%2Ftags&post=3466"}],"curies":[{"name":"wp","href":"https:\/\/api.w.org\/{rel}","templated":true}]}}