{"id":3464,"date":"2017-01-30T12:00:00","date_gmt":"2017-01-30T12:00:00","guid":{"rendered":"http:\/\/haksen.org.tr\/?p=3464"},"modified":"2017-01-30T12:00:00","modified_gmt":"2017-01-30T12:00:00","slug":"yargi-calisanlari-feryat-ediyor-","status":"publish","type":"post","link":"https:\/\/haksen.org.tr\/?p=3464","title":{"rendered":"Yarg\u0131 \u00c7al\u0131\u015fanlar\u0131 Feryat Ediyor"},"content":{"rendered":"<p>Kamu \u00c7al\u0131\u015fanlar\u0131 Hak Sendikalar\u0131 Konfederasyonu (HAKSEN) Genel Ba\u015fkan\u0131 Ayhan \u00c7ivi, h\u00e2kim ve savc\u0131 maa\u015flar\u0131na yap\u0131lacak zamma tepki g\u00f6sterdi.<\/p>\n<p>Haksen Genel Ba\u015fkan\u0131 Ayhan \u00c7ivi, yarg\u0131 \u00e7al\u0131\u015fanlar\u0131na y\u00fczde 3 maa\u015f zamm\u0131 yap\u0131l\u0131rken, buna ilave olarak h\u00e2kim ve savc\u0131 maa\u015flar\u0131na yap\u0131lmas\u0131 tasarlanan y\u00fczde 25 maa\u015f art\u0131\u015f\u0131n\u0131n hakkaniyetli olmad\u0131\u011f\u0131n\u0131 s\u00f6yledi.<\/p>\n<p>Yarg\u0131 \u00e7al\u0131\u015fanlar\u0131n\u0131n 2012 y\u0131l\u0131ndan itibaren fazla mesai, havuz paras\u0131, n\u00f6bet \u00fccreti gibi mali haklar\u0131n\u0131n elinden al\u0131nd\u0131\u011f\u0131n\u0131 hat\u0131rlatan \u00c7ivi, yarg\u0131n\u0131n mutfa\u011f\u0131nda i\u015f y\u00fck\u00fcn\u00fc omuzlar\u0131nda ta\u015f\u0131yan personele \u00fcvey evlat muamelesi yap\u0131lmaktad\u0131r, dedi.<\/p>\n<p>Haksen Genel Ba\u015fkan\u0131 Ayhan \u00c7ivi a\u00e7\u0131klamas\u0131nda \u015funlar\u0131 s\u00f6yledi:<\/p>\n<p>\u201cAdalet hizmetleri s\u0131n\u0131f olarak bir b\u00fct\u00fcnd\u00fcr.  Bu hizmetlerde t\u00fcm personelin eme\u011fi ve al\u0131n teri vard\u0131r. \u00dclkemizde y\u0131llardan beri yarg\u0131y\u0131 sadece h\u00e2kim ve savc\u0131lardan ibaret g\u00f6ren anlay\u0131\u015f\u0131 kesinlikle kabul etmemiz m\u00fcmk\u00fcn de\u011fildir.  Bu karar\u0131n tasarlanan \u015fekilde y\u00fcr\u00fcrl\u00fc\u011fe girmesi halinde sadece yarg\u0131 personelinin de\u011fil t\u00fcm kamu \u00e7al\u0131\u015fanlar\u0131n\u0131n adalete olan inanc\u0131 ve g\u00fcveni sars\u0131lacakt\u0131r.  <\/p>\n<p>H\u00fck\u00fcmet bir taraftan e\u015fit i\u015fe e\u015fit \u00fccret i\u00e7in yarg\u0131 \u00e7al\u0131\u015fanlar\u0131n\u0131n haklar\u0131n\u0131 elinden al\u0131rken bu uygulama ile bu ilkenin varl\u0131\u011f\u0131ndan bahsetmek m\u00fcmk\u00fcn de\u011fildir.<\/p>\n<p>Yarg\u0131 \u00e7al\u0131\u015fanlar\u0131n\u0131n feryad\u0131na kulak verilerek s\u00f6z konusu d\u00fczenlemeye yarg\u0131 \u00e7al\u0131\u015fanlar\u0131 da mutlaka d\u00e2hil edilmelidir.\u201d<\/p>\n","protected":false},"excerpt":{"rendered":"<p>HAKSEN Genel Ba\u015fkan\u0131 Ayhan \u00c7ivi, h\u00e2kim ve savc\u0131 maa\u015flar\u0131na yap\u0131lacak zamma tepki g\u00f6sterdi.<\/p>\n","protected":false},"author":1,"featured_media":3465,"comment_status":"closed","ping_status":"open","sticky":false,"template":"","format":"standard","meta":{"footnotes":""},"categories":[],"tags":[],"class_list":["post-3464","post","type-post","status-publish","format-standard","has-post-thumbnail"],"_links":{"self":[{"href":"https:\/\/haksen.org.tr\/index.php?rest_route=\/wp\/v2\/posts\/3464","targetHints":{"allow":["GET"]}}],"collection":[{"href":"https:\/\/haksen.org.tr\/index.php?rest_route=\/wp\/v2\/posts"}],"about":[{"href":"https:\/\/haksen.org.tr\/index.php?rest_route=\/wp\/v2\/types\/post"}],"author":[{"embeddable":true,"href":"https:\/\/haksen.org.tr\/index.php?rest_route=\/wp\/v2\/users\/1"}],"replies":[{"embeddable":true,"href":"https:\/\/haksen.org.tr\/index.php?rest_route=%2Fwp%2Fv2%2Fcomments&post=3464"}],"version-history":[{"count":0,"href":"https:\/\/haksen.org.tr\/index.php?rest_route=\/wp\/v2\/posts\/3464\/revisions"}],"wp:featuredmedia":[{"embeddable":true,"href":"https:\/\/haksen.org.tr\/index.php?rest_route=\/wp\/v2\/media\/3465"}],"wp:attachment":[{"href":"https:\/\/haksen.org.tr\/index.php?rest_route=%2Fwp%2Fv2%2Fmedia&parent=3464"}],"wp:term":[{"taxonomy":"category","embeddable":true,"href":"https:\/\/haksen.org.tr\/index.php?rest_route=%2Fwp%2Fv2%2Fcategories&post=3464"},{"taxonomy":"post_tag","embeddable":true,"href":"https:\/\/haksen.org.tr\/index.php?rest_route=%2Fwp%2Fv2%2Ftags&post=3464"}],"curies":[{"name":"wp","href":"https:\/\/api.w.org\/{rel}","templated":true}]}}