{"id":3462,"date":"2017-01-11T12:00:00","date_gmt":"2017-01-11T12:00:00","guid":{"rendered":"http:\/\/haksen.org.tr\/?p=3462"},"modified":"2017-01-11T12:00:00","modified_gmt":"2017-01-11T12:00:00","slug":"tuik-4-cliye--yari-zamanli-calisma-hakki","status":"publish","type":"post","link":"https:\/\/haksen.org.tr\/?p=3462","title":{"rendered":"T\u00dc\u0130K 4\/C&#8217;liye  Yar\u0131 Zamanl\u0131 \u00c7al\u0131\u015fma Hakk\u0131"},"content":{"rendered":"<p>T\u00fcrkiye \u0130statistik Kurumu Ba\u015fkanl\u0131\u011f\u0131na yapt\u0131\u011f\u0131m\u0131z yaz\u0131l\u0131 ba\u015fvuru ile; 9\/1\/2016 tarihli ve 6663 say\u0131l\u0131 Kanunla 657 say\u0131l\u0131 Kanunun 104 \u00fcnc\u00fc maddesine eklenen (F) f\u0131kras\u0131ndaki, \u201cDo\u011fum sonras\u0131 anal\u0131k izni s\u00fcresi sonunda kad\u0131n memur, iste\u011fi h\u00e2linde \u00e7ocu\u011fun hayatta olmas\u0131 kayd\u0131yla anal\u0131k izni bitiminde ba\u015flamak \u00fczere ayr\u0131ca s\u00fct izni verilmeksizin birinci do\u011fumda iki ay, ikinci do\u011fumda d\u00f6rt ay, sonraki do\u011fumlarda ise alt\u0131 ay s\u00fcreyle g\u00fcnl\u00fck \u00e7al\u0131\u015fma s\u00fcresinin yar\u0131s\u0131 kadar \u00e7al\u0131\u015fabilir. \u00c7o\u011ful do\u011fumlarda bu s\u00fcrelere birer ay ilave edilir. \u00c7ocu\u011fun engelli do\u011fmas\u0131 veya do\u011fumdan sonraki on iki ay i\u00e7inde \u00e7ocu\u011fun engellilik durumunun tespiti h\u00e2llerinde bu s\u00fcreler on iki ay olarak uygulan\u0131r\u2026 Memurun \u00e7al\u0131\u015faca\u011f\u0131 s\u00fcreler ilgili kurum taraf\u0131ndan belirlenir.\u201d <\/p>\n<p>H\u00fckm\u00fcn\u00fcn 2017 y\u0131l\u0131ndaki Bakanlar Kurulu Karar\u0131na eklenmesini talep etmi\u015ftik.<\/p>\n<p>Sendikam\u0131z\u0131n yaz\u0131l\u0131 ba\u015fvurusu sonucu Ba\u015fbakanl\u0131k Kanun ve Kararlar Genel M\u00fcd\u00fcrl\u00fc\u011f\u00fcnce g\u00f6nderilen T\u00dc\u0130K 4\/C personele ili\u015fkin 2017 y\u0131l\u0131 Bakanlar Kurulu karar\u0131nda \u201cyar\u0131 zamanl\u0131 \u00e7al\u0131\u015fma\u201d hakk\u0131 eklenmi\u015ftir.<\/p>\n<p>Buna g\u00f6re; Do\u011fum yapan \u00e7al\u0131\u015fanlar istekleri halinde anal\u0131k izninin (do\u011fum izni) bitiminden ba\u015flamak \u00fczere;<\/p>\n<p>-\u0130lk \u00e7ocuk i\u00e7in 2 ay,<\/p>\n<p>-\u0130kinci \u00e7ocuk i\u00e7in 4 ay,<\/p>\n<p>-Sonraki do\u011fumlar i\u00e7in 6 ay<\/p>\n<p>S\u00fcreyle yar\u0131 zamanl\u0131 \u00e7al\u0131\u015fabileceklerdir. <\/p>\n<p>\u00c7o\u011ful do\u011fumlarda bu s\u00fcrelere 1 ay ilave edilecektir.<br \/>\n\u00c7ocu\u011fun engelli do\u011fmas\u0131 veya do\u011fumdan itibaren 12 ay i\u00e7erisinde engellilik durumunun tespit edilmesi halinde bu s\u00fcreler bir mali y\u0131lda 11 ay 28 g\u00fcn\u00fc ge\u00e7memek \u00fczere uygulanacakt\u0131r.<\/p>\n<p>Ayr\u0131ca, 3 ya\u015f\u0131ndan k\u00fc\u00e7\u00fck bir \u00e7ocu\u011fu evlat edinen 4\/C personel de bu haktan yararlanacak.<\/p>\n<p>\u00c7al\u0131\u015fma s\u00fcreleri kurum taraf\u0131ndan belirlenecektir.<\/p>\n<p>ENGELL\u0130 \u00c7OCUK \u0130\u00c7\u0130N 10 G\u00dcN MAZARET \u0130ZN\u0130<\/p>\n<p>En az y\u00fczde 70 oran\u0131nda engelli ya da s\u00fcre\u011fen hastal\u0131\u011f\u0131 olan \u00e7ocu\u011funun hastalanmas\u0131 halinde ana veya babadan biri taraf\u0131ndan kullan\u0131lmak \u00fczere 10 g\u00fcn mazeret izni verilebilecektir. <\/p>\n","protected":false},"excerpt":{"rendered":"<p>Sendikam\u0131z\u0131n u\u011fra\u015flar\u0131 sonucu T\u00dc\u0130K&#8217;de \u00e7al\u0131\u015fan 4\/C&#8217;li bayan personele \u00e7ocuk sahibi olmalar\u0131 halinde yar\u0131 zamanl\u0131 \u00e7al\u0131\u015fma hakk\u0131 verildi. <\/p>\n","protected":false},"author":1,"featured_media":3463,"comment_status":"closed","ping_status":"open","sticky":false,"template":"","format":"standard","meta":{"footnotes":""},"categories":[],"tags":[],"class_list":["post-3462","post","type-post","status-publish","format-standard","has-post-thumbnail"],"_links":{"self":[{"href":"https:\/\/haksen.org.tr\/index.php?rest_route=\/wp\/v2\/posts\/3462","targetHints":{"allow":["GET"]}}],"collection":[{"href":"https:\/\/haksen.org.tr\/index.php?rest_route=\/wp\/v2\/posts"}],"about":[{"href":"https:\/\/haksen.org.tr\/index.php?rest_route=\/wp\/v2\/types\/post"}],"author":[{"embeddable":true,"href":"https:\/\/haksen.org.tr\/index.php?rest_route=\/wp\/v2\/users\/1"}],"replies":[{"embeddable":true,"href":"https:\/\/haksen.org.tr\/index.php?rest_route=%2Fwp%2Fv2%2Fcomments&post=3462"}],"version-history":[{"count":0,"href":"https:\/\/haksen.org.tr\/index.php?rest_route=\/wp\/v2\/posts\/3462\/revisions"}],"wp:featuredmedia":[{"embeddable":true,"href":"https:\/\/haksen.org.tr\/index.php?rest_route=\/wp\/v2\/media\/3463"}],"wp:attachment":[{"href":"https:\/\/haksen.org.tr\/index.php?rest_route=%2Fwp%2Fv2%2Fmedia&parent=3462"}],"wp:term":[{"taxonomy":"category","embeddable":true,"href":"https:\/\/haksen.org.tr\/index.php?rest_route=%2Fwp%2Fv2%2Fcategories&post=3462"},{"taxonomy":"post_tag","embeddable":true,"href":"https:\/\/haksen.org.tr\/index.php?rest_route=%2Fwp%2Fv2%2Ftags&post=3462"}],"curies":[{"name":"wp","href":"https:\/\/api.w.org\/{rel}","templated":true}]}}