{"id":3456,"date":"2017-01-01T12:00:00","date_gmt":"2017-01-01T12:00:00","guid":{"rendered":"http:\/\/haksen.org.tr\/?p=3456"},"modified":"2017-01-01T12:00:00","modified_gmt":"2017-01-01T12:00:00","slug":"2017-yilinin-ilk-eyleminde-teror-protestosu","status":"publish","type":"post","link":"https:\/\/haksen.org.tr\/?p=3456","title":{"rendered":"2017 Y\u0131l\u0131n\u0131n \u0130lk Eyleminde Ter\u00f6r Protestosu"},"content":{"rendered":"<p>Kamu \u00c7al\u0131\u015fanlar\u0131 Hak Sendikalar\u0131 Konfederasyonu (HAKSEN) \u00fcyeleri, \u0130stanbul Ortak\u00f6y\u2019deki ter\u00f6r sald\u0131r\u0131s\u0131n\u0131 protesto etti. HAKSEN Genel Ba\u015fkan\u0131 Ayhan \u00c7ivi, tepkisini bas\u0131n a\u00e7\u0131klamas\u0131n\u0131 \u00e7\u0131plak ayakla yaparak g\u00f6sterdi.<\/p>\n<p>&#8220;<a href=\"http:\/\/www.turkiyegazetesi.com.tr\/yasam\/434195.aspx\">  A\u00c7ILAMAYI \u0130ZLEMEK  \u0130\u00c7\u0130N TIKLAYINIZ<\/a>&#8221;<\/p>\n<p>Ankara\u2019da 2017 y\u0131l\u0131n\u0131n ilk eylemini ger\u00e7ekle\u015ftiren HAKSEN \u00fcyeleri, saat 12.00\u2019de K\u0131z\u0131lay\u2019daki Milli Piyango \u0130daresi \u00f6n\u00fcnde topland\u0131. Sendikan\u0131n 2017 y\u0131l\u0131ndaki taleplerini duyurmak i\u00e7in eylem yapmay\u0131 planlayan grup, \u0130stanbul Ortak\u00f6y\u2019deki hain ter\u00f6r sald\u0131r\u0131s\u0131n\u0131n ard\u0131ndan ter\u00f6r olaylar\u0131n\u0131 protesto etme karar\u0131 ald\u0131. Ellerinde T\u00fcrk bayraklar\u0131 ta\u015f\u0131yan grup, \u2018\u015eehitler \u00f6lmez vatan b\u00f6l\u00fcnmez\u2019 slogan\u0131 att\u0131. Grup ad\u0131na bas\u0131n a\u00e7\u0131klamas\u0131 yapan HAKSEN Genel Ba\u015fkan\u0131 Ayhan \u00c7ivi, a\u00e7\u0131klamas\u0131n\u0131 \u00e7\u0131plak ayakla yapt\u0131. Grup, bas\u0131n a\u00e7\u0131klamas\u0131n\u0131n ard\u0131ndan olays\u0131z da\u011f\u0131ld\u0131.<\/p>\n<h2 style='margin:20px 0;'>\u0130\u00e7erik Galerisi<\/h2>\n<p><img decoding=\"async\" src=\"wp-content\/uploads\/2016\/12\/880626851.jpg\" alt=\"2017 Y\u0131l\u0131n\u0131n \u0130lk Eyleminde Ter\u00f6r Protestosu\" style=\"width:100%;\" \/><\/p>\n<p><img decoding=\"async\" src=\"wp-content\/uploads\/2016\/12\/736010472.jpg\" alt=\"2017 Y\u0131l\u0131n\u0131n \u0130lk Eyleminde Ter\u00f6r Protestosu\" style=\"width:100%;\" \/><\/p>\n","protected":false},"excerpt":{"rendered":"<p>Kamu \u00c7al\u0131\u015fanlar\u0131 Hak Sendikalar\u0131 Konfederasyonu (HAKSEN) \u00fcyeleri, \u0130stanbul Ortak\u00f6y\u2019deki ter\u00f6r sald\u0131r\u0131s\u0131n\u0131 protesto etti. <\/p>\n","protected":false},"author":1,"featured_media":3457,"comment_status":"closed","ping_status":"open","sticky":false,"template":"","format":"standard","meta":{"footnotes":""},"categories":[],"tags":[],"class_list":["post-3456","post","type-post","status-publish","format-standard","has-post-thumbnail"],"_links":{"self":[{"href":"https:\/\/haksen.org.tr\/index.php?rest_route=\/wp\/v2\/posts\/3456","targetHints":{"allow":["GET"]}}],"collection":[{"href":"https:\/\/haksen.org.tr\/index.php?rest_route=\/wp\/v2\/posts"}],"about":[{"href":"https:\/\/haksen.org.tr\/index.php?rest_route=\/wp\/v2\/types\/post"}],"author":[{"embeddable":true,"href":"https:\/\/haksen.org.tr\/index.php?rest_route=\/wp\/v2\/users\/1"}],"replies":[{"embeddable":true,"href":"https:\/\/haksen.org.tr\/index.php?rest_route=%2Fwp%2Fv2%2Fcomments&post=3456"}],"version-history":[{"count":0,"href":"https:\/\/haksen.org.tr\/index.php?rest_route=\/wp\/v2\/posts\/3456\/revisions"}],"wp:featuredmedia":[{"embeddable":true,"href":"https:\/\/haksen.org.tr\/index.php?rest_route=\/wp\/v2\/media\/3457"}],"wp:attachment":[{"href":"https:\/\/haksen.org.tr\/index.php?rest_route=%2Fwp%2Fv2%2Fmedia&parent=3456"}],"wp:term":[{"taxonomy":"category","embeddable":true,"href":"https:\/\/haksen.org.tr\/index.php?rest_route=%2Fwp%2Fv2%2Fcategories&post=3456"},{"taxonomy":"post_tag","embeddable":true,"href":"https:\/\/haksen.org.tr\/index.php?rest_route=%2Fwp%2Fv2%2Ftags&post=3456"}],"curies":[{"name":"wp","href":"https:\/\/api.w.org\/{rel}","templated":true}]}}