{"id":3449,"date":"2016-12-15T12:00:00","date_gmt":"2016-12-15T12:00:00","guid":{"rendered":"http:\/\/haksen.org.tr\/?p=3449"},"modified":"2016-12-15T12:00:00","modified_gmt":"2016-12-15T12:00:00","slug":"haksen-izmir-cikarmasi","status":"publish","type":"post","link":"https:\/\/haksen.org.tr\/?p=3449","title":{"rendered":"Haksen \u0130zmir \u00c7\u0131karmas\u0131"},"content":{"rendered":"<p>Konfederasyonumuza ba\u011fl\u0131 sendikalar\u0131m\u0131z\u0131n Ege B\u00f6lgesinde bulunan \u015fube y\u00f6neticileri ile il, il\u00e7e ve i\u015fyeri temsilcilerinin kat\u0131ld\u0131\u011f\u0131 de\u011ferlendirme toplant\u0131s\u0131 \u0130zmir\u2019de yap\u0131ld\u0131.<\/p>\n<p>Genel merkezimi temsilen Haksen ve B\u00fcro Hak-Sen Genel Ba\u015fkan\u0131 Ayhan \u00c7ivi, E\u011fitim Hak-Sen Genel Ba\u015fkan\u0131 Hanifi G\u00f6k\u00e7ek, Sa\u011fl\u0131k Hak-Sen Genel Ba\u015fkan\u0131 Selahattin Karaca, Udem Hak-Sen Genel Ba\u015fkan\u0131 Abdullah Peker, Haber Hak-Sen Genel Ba\u015fkan\u0131 Y\u0131lmaz Kaya, Yerel Hak-Sen Genel Ba\u015fkan Yard\u0131mc\u0131s\u0131 Ya\u015far G\u00f6kay, E\u011fitim Hak-Sen Genel Ba\u015fkan Yard\u0131mc\u0131s\u0131 Erdin\u00e7 Topta\u015f, B\u00fcro Hak-Sen Adliye \u015eube Ba\u015fkan\u0131 Ya\u015far Temiz\u2019in kat\u0131ld\u0131\u011f\u0131 de\u011ferlendirme toplant\u0131s\u0131nda konfederasyonumuza ba\u011fl\u0131 sendikalar\u0131m\u0131z\u0131n Ege B\u00f6lgesi\u2019ndeki te\u015fkilatland\u0131rma \u00e7al\u0131\u015fmalar\u0131, konfederasyonumuzun g\u00fcndeminde yer alan hususlar ile kamu personelinin genel ve b\u00f6lgesel sorunlar\u0131na ili\u015fkin yap\u0131lmas\u0131 gerekenler ele al\u0131nd\u0131.<\/p>\n<h2 style='margin:20px 0;'>\u0130\u00e7erik Galerisi<\/h2>\n<p><img decoding=\"async\" src=\"wp-content\/uploads\/2016\/12\/720434213.JPG\" alt=\"Haksen \u0130zmir \u00c7\u0131karmas\u0131\" style=\"width:100%;\" \/><\/p>\n<p><img decoding=\"async\" src=\"wp-content\/uploads\/2016\/12\/438402844.JPG\" alt=\"Haksen \u0130zmir \u00c7\u0131karmas\u0131\" style=\"width:100%;\" \/><\/p>\n<p><img decoding=\"async\" src=\"wp-content\/uploads\/2016\/12\/224978795.JPG\" alt=\"Haksen \u0130zmir \u00c7\u0131karmas\u0131\" style=\"width:100%;\" \/><\/p>\n<p><img decoding=\"async\" src=\"wp-content\/uploads\/2016\/12\/134624827.JPG\" alt=\"Haksen \u0130zmir \u00c7\u0131karmas\u0131\" style=\"width:100%;\" \/><\/p>\n<p><img decoding=\"async\" src=\"wp-content\/uploads\/2016\/12\/446982138.JPG\" alt=\"Haksen \u0130zmir \u00c7\u0131karmas\u0131\" style=\"width:100%;\" \/><\/p>\n","protected":false},"excerpt":{"rendered":"<p>Haksen Ege B\u00f6lge Toplant\u0131s\u0131 \u0130zmir\u2019de yap\u0131ld\u0131.<\/p>\n","protected":false},"author":1,"featured_media":3450,"comment_status":"closed","ping_status":"open","sticky":false,"template":"","format":"standard","meta":{"footnotes":""},"categories":[],"tags":[],"class_list":["post-3449","post","type-post","status-publish","format-standard","has-post-thumbnail"],"_links":{"self":[{"href":"https:\/\/haksen.org.tr\/index.php?rest_route=\/wp\/v2\/posts\/3449","targetHints":{"allow":["GET"]}}],"collection":[{"href":"https:\/\/haksen.org.tr\/index.php?rest_route=\/wp\/v2\/posts"}],"about":[{"href":"https:\/\/haksen.org.tr\/index.php?rest_route=\/wp\/v2\/types\/post"}],"author":[{"embeddable":true,"href":"https:\/\/haksen.org.tr\/index.php?rest_route=\/wp\/v2\/users\/1"}],"replies":[{"embeddable":true,"href":"https:\/\/haksen.org.tr\/index.php?rest_route=%2Fwp%2Fv2%2Fcomments&post=3449"}],"version-history":[{"count":0,"href":"https:\/\/haksen.org.tr\/index.php?rest_route=\/wp\/v2\/posts\/3449\/revisions"}],"wp:featuredmedia":[{"embeddable":true,"href":"https:\/\/haksen.org.tr\/index.php?rest_route=\/wp\/v2\/media\/3450"}],"wp:attachment":[{"href":"https:\/\/haksen.org.tr\/index.php?rest_route=%2Fwp%2Fv2%2Fmedia&parent=3449"}],"wp:term":[{"taxonomy":"category","embeddable":true,"href":"https:\/\/haksen.org.tr\/index.php?rest_route=%2Fwp%2Fv2%2Fcategories&post=3449"},{"taxonomy":"post_tag","embeddable":true,"href":"https:\/\/haksen.org.tr\/index.php?rest_route=%2Fwp%2Fv2%2Ftags&post=3449"}],"curies":[{"name":"wp","href":"https:\/\/api.w.org\/{rel}","templated":true}]}}