{"id":3446,"date":"2016-12-15T12:00:00","date_gmt":"2016-12-15T12:00:00","guid":{"rendered":"http:\/\/haksen.org.tr\/?p=3446"},"modified":"2016-12-15T12:00:00","modified_gmt":"2016-12-15T12:00:00","slug":"ankara-cevik-kuvvete-bassagligi-ziyareti","status":"publish","type":"post","link":"https:\/\/haksen.org.tr\/?p=3446","title":{"rendered":"Ankara \u00c7evik Kuvvet&#8217;e Ba\u015fsa\u011fl\u0131\u011f\u0131 Ziyareti"},"content":{"rendered":"<p>Haksen y\u00f6neticileri 10 Aral\u0131k Cumartesi g\u00fcn\u00fc \u0130stanbul Dolmabah\u00e7e\u2019deki hain ter\u00f6r sald\u0131r\u0131s\u0131 nedeniyle Ankara \u00c7evik Kuvvet \u015eube M\u00fcd\u00fcrl\u00fc\u011f\u00fc\u2019n\u00fc ziyaret ederek ba\u015fsa\u011fl\u0131\u011f\u0131 diledi.<\/p>\n<p>&#8220;<a href=\"https:\/\/www.youtube.com\/watch?v=xnxY87BaOGA&#038;feature=youtu.be\">  A\u00c7IKLAMAYI \u0130ZLEMEK \u0130\u00c7\u0130N TIKLAYINIZ<\/a>&#8221;<\/p>\n<p>Ziyaret \u00f6ncesi k\u0131sa bir a\u00e7\u0131klama yapan Haksen Genel Ba\u015fkan\u0131 Ayhan \u00c7ivi \u015funlar\u0131 s\u00f6yledi;<\/p>\n<p>\u201cVatan\u0131m\u0131z\u0131n varl\u0131\u011f\u0131n\u0131,  Devletimizin birli\u011fini, Milletimizin huzur ve g\u00fcvenli\u011fini sa\u011flamak i\u00e7in can\u0131 pahas\u0131na g\u00f6rev yapan emniyet mensuplar\u0131m\u0131za \u0130stanbul Dolmabah\u00e7e\u2019de yap\u0131lan hain ter\u00f6r sald\u0131r\u0131s\u0131n\u0131 nefretle lanetliyoruz. \u015eehitlerimize Allah\u2019tan rahmet,  \u015fehitlerimizin ailelerine, yak\u0131nlar\u0131na, Milletimize ve emniyet te\u015fkilat\u0131m\u0131za sab\u0131r ve ba\u015fsa\u011fl\u0131\u011f\u0131, yaral\u0131lar\u0131m\u0131za acil \u015fifa diliyoruz.<br \/>\nVatanda\u015flar\u0131m\u0131z\u0131n huzur ve refah i\u00e7erisinde ya\u015famas\u0131n\u0131 i\u00e7ine sindiremeyen al\u00e7aklar \u015funu bilsinler ki d\u00fcn oldu\u011fu gibi bug\u00fcn de yar\u0131n da amac\u0131na ula\u015famayacaklar.<br \/>\nAziz \u015fehitlerimizin bizlere emaneti olan T\u00fcrkiye Cumhuriyeti Devleti ilelebet payidar kalacakt\u0131r.\u201d<\/p>\n<p>A\u00e7\u0131klaman\u0131n ard\u0131ndan Ankara \u00c7evik Kuvvet \u015eube M\u00fcd\u00fcrl\u00fc\u011f\u00fcn\u00fc ziyaret eden sendika y\u00f6neticilerimiz   \u00c7evik  \u015eube M\u00fcd\u00fcrl\u00fc\u011f\u00fcnde g\u00f6rev yapan polislerimize ba\u015fsa\u011fl\u0131\u011f\u0131 dileyerek, karanfil verdiler.<\/p>\n<h2 style='margin:20px 0;'>\u0130\u00e7erik Galerisi<\/h2>\n<p><img decoding=\"async\" src=\"wp-content\/uploads\/2016\/12\/653872441.JPG\" alt=\"Ankara \u00c7evik Kuvvet'e Ba\u015fsa\u011fl\u0131\u011f\u0131 Ziyareti\" style=\"width:100%;\" \/><\/p>\n","protected":false},"excerpt":{"rendered":"<p>Haksen Genel Ba\u015fkan\u0131 Ayhan \u00c7ivi sendika y\u00f6neticileriyle birlikte Ankara \u00c7evik Kuvvet \u015eube M\u00fcd\u00fcrl\u00fc\u011f\u00fcn\u00fc ziyaret etti.<\/p>\n","protected":false},"author":1,"featured_media":3447,"comment_status":"closed","ping_status":"open","sticky":false,"template":"","format":"standard","meta":{"footnotes":""},"categories":[],"tags":[],"class_list":["post-3446","post","type-post","status-publish","format-standard","has-post-thumbnail"],"_links":{"self":[{"href":"https:\/\/haksen.org.tr\/index.php?rest_route=\/wp\/v2\/posts\/3446","targetHints":{"allow":["GET"]}}],"collection":[{"href":"https:\/\/haksen.org.tr\/index.php?rest_route=\/wp\/v2\/posts"}],"about":[{"href":"https:\/\/haksen.org.tr\/index.php?rest_route=\/wp\/v2\/types\/post"}],"author":[{"embeddable":true,"href":"https:\/\/haksen.org.tr\/index.php?rest_route=\/wp\/v2\/users\/1"}],"replies":[{"embeddable":true,"href":"https:\/\/haksen.org.tr\/index.php?rest_route=%2Fwp%2Fv2%2Fcomments&post=3446"}],"version-history":[{"count":0,"href":"https:\/\/haksen.org.tr\/index.php?rest_route=\/wp\/v2\/posts\/3446\/revisions"}],"wp:featuredmedia":[{"embeddable":true,"href":"https:\/\/haksen.org.tr\/index.php?rest_route=\/wp\/v2\/media\/3447"}],"wp:attachment":[{"href":"https:\/\/haksen.org.tr\/index.php?rest_route=%2Fwp%2Fv2%2Fmedia&parent=3446"}],"wp:term":[{"taxonomy":"category","embeddable":true,"href":"https:\/\/haksen.org.tr\/index.php?rest_route=%2Fwp%2Fv2%2Fcategories&post=3446"},{"taxonomy":"post_tag","embeddable":true,"href":"https:\/\/haksen.org.tr\/index.php?rest_route=%2Fwp%2Fv2%2Ftags&post=3446"}],"curies":[{"name":"wp","href":"https:\/\/api.w.org\/{rel}","templated":true}]}}