{"id":3444,"date":"2016-12-14T12:00:00","date_gmt":"2016-12-14T12:00:00","guid":{"rendered":"http:\/\/haksen.org.tr\/?p=3444"},"modified":"2016-12-14T12:00:00","modified_gmt":"2016-12-14T12:00:00","slug":"devlet-personel-baskanligina-ziyaret","status":"publish","type":"post","link":"https:\/\/haksen.org.tr\/?p=3444","title":{"rendered":"Devlet Personel Ba\u015fkanl\u0131\u011f\u0131na Ziyaret"},"content":{"rendered":"<p>Ziyarete  E\u011fitim Hak-Sen Genel Ba\u015fkan\u0131 Hanifi G\u00f6k\u00e7ek, Sa\u011fl\u0131k Hak-Sen Genel Ba\u015fkan\u0131 Selahattin Karaca, Haber Hak-Sen Genel Ba\u015fkan\u0131 Y\u0131lmaz Kaya, K\u00fclt\u00fcr Hak-Sen Genel Ba\u015fkan\u0131 Suna Bayram ve Afad Hak-Sen Genel Ba\u015fkan\u0131 Durmu\u015f Arslanta\u015f kat\u0131ld\u0131lar.<\/p>\n<p>G\u00f6r\u00fc\u015fmede kamu personelinin \u00e7al\u0131\u015fma ko\u015fullar\u0131na ili\u015fkin a\u015fa\u011f\u0131daki hususlar ve di\u011fer g\u00fcncel konular detayl\u0131 bir \u015fekilde ele al\u0131nd\u0131.<\/p>\n<p>-Ek \u00f6demelerin emekli ayl\u0131\u011f\u0131 ve ikramiyesine d\u00e2hil edilmesi,<\/p>\n<p>-Yard\u0131mc\u0131 Hizmetler S\u0131n\u0131f\u0131ndaki personelin Genel \u0130dare Hizmetlerine al\u0131nmas\u0131,<\/p>\n<p>-Kamu personelinin askerlik s\u00fcrelerinin herhangi bir bor\u00e7lanma yap\u0131lmadan hizmetlerine say\u0131lmas\u0131,<\/p>\n<p>-2200 ek g\u00f6stergeli unvanlarda g\u00f6rev yapan kamu personeli ile \u00d6\u011fretmenlerin ek g\u00f6stergelerinin 3600 olarak d\u00fczenlenmesi,<\/p>\n<p>-Yemek yard\u0131m\u0131 y\u00f6netmeli\u011finin g\u00fcncel \u015fartlara g\u00f6re d\u00fczenlenerek t\u00fcm kamu personelinin yemek yard\u0131m\u0131ndan yararland\u0131r\u0131lmas\u0131,<\/p>\n<p>-Ye\u015fil pasaport verilmesine ili\u015fkin derece s\u0131n\u0131rlamas\u0131n\u0131n kald\u0131r\u0131lmas\u0131,<\/p>\n<p>-4\/C personelin kadroya al\u0131nmas\u0131,<\/p>\n<p>&#8211; 4\/C personele refakat izin hakk\u0131n\u0131n verilmesi,<\/p>\n<p>-Do\u011fum yapan 4\/C\u2019li bayan personele \u00fccretsiz do\u011fum izni ile kendilerine ve\/veya e\u015flerine zamanl\u0131 \u00e7al\u0131\u015fma hakk\u0131n\u0131n verilmesi,<\/p>\n<p>-4\/C personelin y\u0131ll\u0131k izinlerinin kadrolu personel gibi kullanmalar\u0131n\u0131n sa\u011flanmas\u0131,<\/p>\n<p>-T\u00fcik\u2019de g\u00f6rev yapan 4\/C personelin s\u00f6zle\u015fmelerinin her y\u0131l yenilenmeden devam ettirilmesi. <\/p>\n","protected":false},"excerpt":{"rendered":"<p>Haksen Genel Ba\u015fkan\u0131 Ayhan \u00c7ivi, beraberindeki heyetle Devlet Personel Ba\u015fkan Vekili Enes Polat\u2019\u0131 ziyaret ederek konfederasyonumuzun taleplerini ilet<\/p>\n","protected":false},"author":1,"featured_media":3445,"comment_status":"closed","ping_status":"open","sticky":false,"template":"","format":"standard","meta":{"footnotes":""},"categories":[],"tags":[],"class_list":["post-3444","post","type-post","status-publish","format-standard","has-post-thumbnail"],"_links":{"self":[{"href":"https:\/\/haksen.org.tr\/index.php?rest_route=\/wp\/v2\/posts\/3444","targetHints":{"allow":["GET"]}}],"collection":[{"href":"https:\/\/haksen.org.tr\/index.php?rest_route=\/wp\/v2\/posts"}],"about":[{"href":"https:\/\/haksen.org.tr\/index.php?rest_route=\/wp\/v2\/types\/post"}],"author":[{"embeddable":true,"href":"https:\/\/haksen.org.tr\/index.php?rest_route=\/wp\/v2\/users\/1"}],"replies":[{"embeddable":true,"href":"https:\/\/haksen.org.tr\/index.php?rest_route=%2Fwp%2Fv2%2Fcomments&post=3444"}],"version-history":[{"count":0,"href":"https:\/\/haksen.org.tr\/index.php?rest_route=\/wp\/v2\/posts\/3444\/revisions"}],"wp:featuredmedia":[{"embeddable":true,"href":"https:\/\/haksen.org.tr\/index.php?rest_route=\/wp\/v2\/media\/3445"}],"wp:attachment":[{"href":"https:\/\/haksen.org.tr\/index.php?rest_route=%2Fwp%2Fv2%2Fmedia&parent=3444"}],"wp:term":[{"taxonomy":"category","embeddable":true,"href":"https:\/\/haksen.org.tr\/index.php?rest_route=%2Fwp%2Fv2%2Fcategories&post=3444"},{"taxonomy":"post_tag","embeddable":true,"href":"https:\/\/haksen.org.tr\/index.php?rest_route=%2Fwp%2Fv2%2Ftags&post=3444"}],"curies":[{"name":"wp","href":"https:\/\/api.w.org\/{rel}","templated":true}]}}