{"id":3440,"date":"2016-12-03T12:00:00","date_gmt":"2016-12-03T12:00:00","guid":{"rendered":"http:\/\/haksen.org.tr\/?p=3440"},"modified":"2016-12-03T12:00:00","modified_gmt":"2016-12-03T12:00:00","slug":"dunya-engelliler-gunu-mesaji","status":"publish","type":"post","link":"https:\/\/haksen.org.tr\/?p=3440","title":{"rendered":"D\u00fcnya Engelliler G\u00fcn\u00fc Mesaj\u0131"},"content":{"rendered":"<p>\u00c7ivi mesaj\u0131nda; Engelli vatanda\u015flar\u0131m\u0131z\u0131n hayat\u0131n\u0131 kolayla\u015ft\u0131rmak onlara bir l\u00fctuf de\u011fil en ba\u015fta insan haklar\u0131n\u0131n bir gere\u011fidir. Bu nedenle, \u00e7al\u0131\u015fma ya\u015fam\u0131 ba\u015fta olmak \u00fczere hayat\u0131n her alan\u0131nda \u00e7ocuk, yeti\u015fkin ve ya\u015fl\u0131 engellilerimizin haklar\u0131n\u0131 g\u00f6zetmemiz ve onlara daha iyi ya\u015fam ko\u015fullar\u0131 sa\u011flamak i\u00e7in \u00e7al\u0131\u015fmam\u0131z gerekiyor.<\/p>\n<p>Bu duygu ve d\u00fc\u015f\u00fcncelerle 3 Aral\u0131k D\u00fcnya Engelliler G\u00fcn\u00fcn\u00fc kutlar\u0131m.<\/p>\n","protected":false},"excerpt":{"rendered":"<p>Haksen Genel Ba\u015fkan\u0131 Ayhan \u00c7ivi, 3 Aral\u0131k D\u00fcnya Engelliler G\u00fcn\u00fcn nedeniyle bir mesaj yay\u0131nlad\u0131.<\/p>\n","protected":false},"author":1,"featured_media":3441,"comment_status":"closed","ping_status":"open","sticky":false,"template":"","format":"standard","meta":{"footnotes":""},"categories":[],"tags":[],"class_list":["post-3440","post","type-post","status-publish","format-standard","has-post-thumbnail"],"_links":{"self":[{"href":"https:\/\/haksen.org.tr\/index.php?rest_route=\/wp\/v2\/posts\/3440","targetHints":{"allow":["GET"]}}],"collection":[{"href":"https:\/\/haksen.org.tr\/index.php?rest_route=\/wp\/v2\/posts"}],"about":[{"href":"https:\/\/haksen.org.tr\/index.php?rest_route=\/wp\/v2\/types\/post"}],"author":[{"embeddable":true,"href":"https:\/\/haksen.org.tr\/index.php?rest_route=\/wp\/v2\/users\/1"}],"replies":[{"embeddable":true,"href":"https:\/\/haksen.org.tr\/index.php?rest_route=%2Fwp%2Fv2%2Fcomments&post=3440"}],"version-history":[{"count":0,"href":"https:\/\/haksen.org.tr\/index.php?rest_route=\/wp\/v2\/posts\/3440\/revisions"}],"wp:featuredmedia":[{"embeddable":true,"href":"https:\/\/haksen.org.tr\/index.php?rest_route=\/wp\/v2\/media\/3441"}],"wp:attachment":[{"href":"https:\/\/haksen.org.tr\/index.php?rest_route=%2Fwp%2Fv2%2Fmedia&parent=3440"}],"wp:term":[{"taxonomy":"category","embeddable":true,"href":"https:\/\/haksen.org.tr\/index.php?rest_route=%2Fwp%2Fv2%2Fcategories&post=3440"},{"taxonomy":"post_tag","embeddable":true,"href":"https:\/\/haksen.org.tr\/index.php?rest_route=%2Fwp%2Fv2%2Ftags&post=3440"}],"curies":[{"name":"wp","href":"https:\/\/api.w.org\/{rel}","templated":true}]}}