{"id":3438,"date":"2016-11-10T12:00:00","date_gmt":"2016-11-10T12:00:00","guid":{"rendered":"http:\/\/haksen.org.tr\/?p=3438"},"modified":"2016-11-10T12:00:00","modified_gmt":"2016-11-10T12:00:00","slug":"atamizi-saygi-ve-ozlemle-aniyoruz","status":"publish","type":"post","link":"https:\/\/haksen.org.tr\/?p=3438","title":{"rendered":"Atamizi sayg\u0131 ve \u00f6zlemle an\u0131yoruz"},"content":{"rendered":"<p>Milletimizin ebedi \u00f6nderi Gazi Mustafa Kemal Atat\u00fcrk&#8217;\u00fc sayg\u0131 ve rahmetle an\u0131yoruz <\/p>\n","protected":false},"excerpt":{"rendered":"<p>Ebediyete intikalinin 78.yilinda Atamizi sayg\u0131 ve rahmetle an\u0131yoruz<\/p>\n","protected":false},"author":1,"featured_media":3439,"comment_status":"closed","ping_status":"open","sticky":false,"template":"","format":"standard","meta":{"footnotes":""},"categories":[],"tags":[],"class_list":["post-3438","post","type-post","status-publish","format-standard","has-post-thumbnail"],"_links":{"self":[{"href":"https:\/\/haksen.org.tr\/index.php?rest_route=\/wp\/v2\/posts\/3438","targetHints":{"allow":["GET"]}}],"collection":[{"href":"https:\/\/haksen.org.tr\/index.php?rest_route=\/wp\/v2\/posts"}],"about":[{"href":"https:\/\/haksen.org.tr\/index.php?rest_route=\/wp\/v2\/types\/post"}],"author":[{"embeddable":true,"href":"https:\/\/haksen.org.tr\/index.php?rest_route=\/wp\/v2\/users\/1"}],"replies":[{"embeddable":true,"href":"https:\/\/haksen.org.tr\/index.php?rest_route=%2Fwp%2Fv2%2Fcomments&post=3438"}],"version-history":[{"count":0,"href":"https:\/\/haksen.org.tr\/index.php?rest_route=\/wp\/v2\/posts\/3438\/revisions"}],"wp:featuredmedia":[{"embeddable":true,"href":"https:\/\/haksen.org.tr\/index.php?rest_route=\/wp\/v2\/media\/3439"}],"wp:attachment":[{"href":"https:\/\/haksen.org.tr\/index.php?rest_route=%2Fwp%2Fv2%2Fmedia&parent=3438"}],"wp:term":[{"taxonomy":"category","embeddable":true,"href":"https:\/\/haksen.org.tr\/index.php?rest_route=%2Fwp%2Fv2%2Fcategories&post=3438"},{"taxonomy":"post_tag","embeddable":true,"href":"https:\/\/haksen.org.tr\/index.php?rest_route=%2Fwp%2Fv2%2Ftags&post=3438"}],"curies":[{"name":"wp","href":"https:\/\/api.w.org\/{rel}","templated":true}]}}