{"id":3436,"date":"2016-11-05T12:00:00","date_gmt":"2016-11-05T12:00:00","guid":{"rendered":"http:\/\/haksen.org.tr\/?p=3436"},"modified":"2016-11-05T12:00:00","modified_gmt":"2016-11-05T12:00:00","slug":"tazminat-alamayan-4-c-personele-duyuru","status":"publish","type":"post","link":"https:\/\/haksen.org.tr\/?p=3436","title":{"rendered":"Tazminat Alamayan 4\/C Personele Duyuru"},"content":{"rendered":"<p>657 say\u0131l\u0131 Yasan\u0131n 4\/C maddesine g\u00f6re \u00e7al\u0131\u015f\u0131rken 2010 y\u0131l\u0131ndan \u00f6nce emeklilik nedeniyle g\u00f6revinden ayr\u0131lan ve herhangi bir tazminat \u00f6denmeyen sendika \u00fcyemiz ad\u0131na sendikam\u0131z\u0131n 2009 y\u0131l\u0131nda Dan\u0131\u015ftay\u2019a a\u00e7t\u0131\u011f\u0131 dava sonu\u00e7lanm\u0131\u015ft\u0131r. <\/p>\n<p>Dan\u0131\u015ftay 12.Dairesi, 2010 y\u0131l\u0131ndan itibaren 657 say\u0131l\u0131 DMK 4\/C bendine dayal\u0131 olarak \u00e7al\u0131\u015fanlara tan\u0131nan \u201ci\u015fsonu tazminat\u0131\u201d hakk\u0131n\u0131n 2010 y\u0131l\u0131ndan \u00f6nce g\u00f6revinden ayr\u0131lan t\u00fcm 4\/C stat\u00fcs\u00fcnde \u00e7al\u0131\u015fanlara tan\u0131nmamas\u0131n\u0131n hukuka ayk\u0131r\u0131 oldu\u011fu h\u00fck\u00fcm alt\u0131na al\u0131narak, t\u00fcm 4\/C stat\u00fcs\u00fcnde \u00e7al\u0131\u015fanlar\u0131n \u201ci\u015fsonu tazminat\u0131\u201d alma hakk\u0131 oldu\u011fu ortaya konulmu\u015ftur. <\/p>\n<p>Bu karara g\u00f6re , 2010 y\u0131l\u0131ndan \u00f6nce kamu kurum ve kurulu\u015flar\u0131nda 657 say\u0131l\u0131 Yasan\u0131n 4\/C maddesine g\u00f6re \u00e7al\u0131\u015f\u0131rken g\u00f6revinden herhangi sebeple tazminat alamadan ayr\u0131lan  4\/C\u2019li personele hak do\u011furmu\u015ftur.<\/p>\n<p>Bu hakk\u0131n kullan\u0131lmas\u0131 i\u00e7in \u00f6ncelikle en son \u00e7al\u0131\u015ft\u0131klar\u0131 kuruma ba\u015fvuru yap\u0131lmas\u0131 gerekmektedir.<\/p>\n<p>Ba\u015fvuruya kurum taraf\u0131ndan olumsuz cevap verilmesi halinde idare mahkemelerine bireysel olarak dava a\u00e7\u0131labilecektir. Bu konuda sendikam\u0131z hukuk m\u00fc\u015favirli\u011fince gerekli hukuki destek verilecektir.<\/p>\n<p>Ba\u015fvuru yapacak personelin durumu hukuk m\u00fc\u015favirli\u011fimizce de\u011ferlendirilerek ba\u015fvuru hakk\u0131 do\u011fan personelin dilek\u00e7eleri hukuk m\u00fc\u015favirli\u011fimizce haz\u0131rlanarak ki\u015filere g\u00f6nderilecektir.<\/p>\n<p>Bu nedenle, ba\u015fvuru yapmak isteyenler ekte yay\u0131nlad\u0131\u011f\u0131m\u0131z bilgi formunu doldurarak sendikam\u0131z\u0131n a\u015fa\u011f\u0131daki faks veya mail adresine g\u00f6nderebilirler.<\/p>\n<p>Bilgi formu de\u011ferlendirilerek yap\u0131lacak i\u015flemler ki\u015filere bildirilecektir.<\/p>\n<p>Faks: 0312 229 03 26<\/p>\n<p>Mail adresi: iletisim@haksen.org.tr<\/p>\n","protected":false},"excerpt":{"rendered":"<p>\u00c7e\u015fitli nedenlerle g\u00f6revinde tazminat alamadan ayr\u0131lan 4\/C personele \u00f6nemle duyurulur.<\/p>\n","protected":false},"author":1,"featured_media":3437,"comment_status":"closed","ping_status":"open","sticky":false,"template":"","format":"standard","meta":{"footnotes":""},"categories":[],"tags":[],"class_list":["post-3436","post","type-post","status-publish","format-standard","has-post-thumbnail"],"_links":{"self":[{"href":"https:\/\/haksen.org.tr\/index.php?rest_route=\/wp\/v2\/posts\/3436","targetHints":{"allow":["GET"]}}],"collection":[{"href":"https:\/\/haksen.org.tr\/index.php?rest_route=\/wp\/v2\/posts"}],"about":[{"href":"https:\/\/haksen.org.tr\/index.php?rest_route=\/wp\/v2\/types\/post"}],"author":[{"embeddable":true,"href":"https:\/\/haksen.org.tr\/index.php?rest_route=\/wp\/v2\/users\/1"}],"replies":[{"embeddable":true,"href":"https:\/\/haksen.org.tr\/index.php?rest_route=%2Fwp%2Fv2%2Fcomments&post=3436"}],"version-history":[{"count":0,"href":"https:\/\/haksen.org.tr\/index.php?rest_route=\/wp\/v2\/posts\/3436\/revisions"}],"wp:featuredmedia":[{"embeddable":true,"href":"https:\/\/haksen.org.tr\/index.php?rest_route=\/wp\/v2\/media\/3437"}],"wp:attachment":[{"href":"https:\/\/haksen.org.tr\/index.php?rest_route=%2Fwp%2Fv2%2Fmedia&parent=3436"}],"wp:term":[{"taxonomy":"category","embeddable":true,"href":"https:\/\/haksen.org.tr\/index.php?rest_route=%2Fwp%2Fv2%2Fcategories&post=3436"},{"taxonomy":"post_tag","embeddable":true,"href":"https:\/\/haksen.org.tr\/index.php?rest_route=%2Fwp%2Fv2%2Ftags&post=3436"}],"curies":[{"name":"wp","href":"https:\/\/api.w.org\/{rel}","templated":true}]}}