{"id":3434,"date":"2016-11-04T12:00:00","date_gmt":"2016-11-04T12:00:00","guid":{"rendered":"http:\/\/haksen.org.tr\/?p=3434"},"modified":"2016-11-04T12:00:00","modified_gmt":"2016-11-04T12:00:00","slug":"tasra-personeline-servis-yasagi","status":"publish","type":"post","link":"https:\/\/haksen.org.tr\/?p=3434","title":{"rendered":"Ta\u015fra Personeline Servis Yasa\u011f\u0131"},"content":{"rendered":"<p>T\u00fcrkiye \u0130statistik Kurumu&#8217;nda merkez te\u015fkilat\u0131nda g\u00f6rev yapan personele toplu ta\u015f\u0131ma kart\u0131 verilerek servis hizmetinin sa\u011flanmas\u0131 nedeniyle B\u00fcro Hak-Sen taraf\u0131ndan T\u00fcrkiye \u0130statistik Kurumuna yap\u0131lan ba\u015fvuru ile s\u00f6z konusu servis hizmetinin ta\u015frada g\u00f6rev yapan personele de verilmesi talep edildi.<\/p>\n<p>Yaz\u0131l\u0131 ba\u015fvuruya T\u00fcrkiye \u0130statistik Kurumu taraf\u0131ndan g\u00f6nderilen cevapta;<\/p>\n<p>Yetkili memur sendikas\u0131 ile h\u00fck\u00fcmet aras\u0131nda 2015 y\u0131l\u0131nda yap\u0131lan toplu s\u00f6zle\u015fme ile kamu kurum ve kurulu\u015flar\u0131n\u0131n sadece merkez te\u015fkilat\u0131nda g\u00f6rev yapan personele servis hizmeti verilmesinin kararla\u015ft\u0131r\u0131ld\u0131\u011f\u0131, bu nedenle b\u00f6lge m\u00fcd\u00fcrl\u00fcklerinde g\u00f6rev yapan personele servis hizmetinin verilmesinin uygun bulunmad\u0131\u011f\u0131, belirtilmi\u015ftir.<\/p>\n<p>Cevap yaz\u0131s\u0131 ekte sunulmu\u015ftur.<\/p>\n","protected":false},"excerpt":{"rendered":"<p>2015 y\u0131l\u0131ndaki toplu s\u00f6zle\u015fmede sadece merkez te\u015fkilat\u0131na servis verilmesine karar verilmesi nedeniyle ta\u015fra personeline servis verilmiyor<\/p>\n","protected":false},"author":1,"featured_media":3435,"comment_status":"closed","ping_status":"open","sticky":false,"template":"","format":"standard","meta":{"footnotes":""},"categories":[],"tags":[],"class_list":["post-3434","post","type-post","status-publish","format-standard","has-post-thumbnail"],"_links":{"self":[{"href":"https:\/\/haksen.org.tr\/index.php?rest_route=\/wp\/v2\/posts\/3434","targetHints":{"allow":["GET"]}}],"collection":[{"href":"https:\/\/haksen.org.tr\/index.php?rest_route=\/wp\/v2\/posts"}],"about":[{"href":"https:\/\/haksen.org.tr\/index.php?rest_route=\/wp\/v2\/types\/post"}],"author":[{"embeddable":true,"href":"https:\/\/haksen.org.tr\/index.php?rest_route=\/wp\/v2\/users\/1"}],"replies":[{"embeddable":true,"href":"https:\/\/haksen.org.tr\/index.php?rest_route=%2Fwp%2Fv2%2Fcomments&post=3434"}],"version-history":[{"count":0,"href":"https:\/\/haksen.org.tr\/index.php?rest_route=\/wp\/v2\/posts\/3434\/revisions"}],"wp:featuredmedia":[{"embeddable":true,"href":"https:\/\/haksen.org.tr\/index.php?rest_route=\/wp\/v2\/media\/3435"}],"wp:attachment":[{"href":"https:\/\/haksen.org.tr\/index.php?rest_route=%2Fwp%2Fv2%2Fmedia&parent=3434"}],"wp:term":[{"taxonomy":"category","embeddable":true,"href":"https:\/\/haksen.org.tr\/index.php?rest_route=%2Fwp%2Fv2%2Fcategories&post=3434"},{"taxonomy":"post_tag","embeddable":true,"href":"https:\/\/haksen.org.tr\/index.php?rest_route=%2Fwp%2Fv2%2Ftags&post=3434"}],"curies":[{"name":"wp","href":"https:\/\/api.w.org\/{rel}","templated":true}]}}