{"id":3430,"date":"2016-11-03T12:00:00","date_gmt":"2016-11-03T12:00:00","guid":{"rendered":"http:\/\/haksen.org.tr\/?p=3430"},"modified":"2016-11-03T12:00:00","modified_gmt":"2016-11-03T12:00:00","slug":"tazminat-alamayan-4-clilere-hak-dogdu","status":"publish","type":"post","link":"https:\/\/haksen.org.tr\/?p=3430","title":{"rendered":"Tazminat Alamayan 4\/C&#8217;lilere Hak Do\u011fdu"},"content":{"rendered":"<p>Kamu kurumlar\u0131nda 657 say\u0131l\u0131 Yasan\u0131n 4\/C maddesine g\u00f6re \u00e7al\u0131\u015f\u0131rken istifa veya emeklilik nedeniyle kurumundan ayr\u0131lan personele i\u015f sonu tazminat\u0131 \u00f6denmesi i\u00e7in 2010 y\u0131l\u0131ndaki Bakanlar Kurulu karar\u0131 ile d\u00fczenleme yap\u0131lm\u0131\u015ft\u0131.<\/p>\n<p>Ancak, 2010 y\u0131l\u0131ndan \u00f6nce istifa eden veya emekli olan personele herhangi bir tazminat \u00f6denmiyordu.<\/p>\n<p>\u00d6zelle\u015ftirme nedeniyle 4\/C stat\u00fcs\u00fcne nakledilen ve 2010 y\u0131l\u0131ndan \u00f6nce emekliye ayr\u0131lan personele i\u015f sonu tazminat\u0131 \u00f6denmesi i\u00e7in hukuk m\u00fc\u015favirli\u011fimiz taraf\u0131ndan idare mahkemesine a\u00e7\u0131lan dava reddedilmi\u015fti.<\/p>\n<p>Ancak, Dan\u0131\u015ftay tazminat \u00f6denmesi gerekti\u011fini belirterek idare mahkemesi karar\u0131n\u0131 bozmu\u015f ve yeniden bir karar verilmek \u00fczere dosyay\u0131 idare mahkemesine g\u00f6ndermi\u015ftir. \u0130lgili Dan\u0131\u015ftay karar\u0131n\u0131 yay\u0131nlam\u0131\u015ft\u0131k. \u0130dare Mahkemesi yeniden bir karar verecektir.<\/p>\n<p>Di\u011fer taraftan, T\u00fcrkiye \u0130statistik Kurumunda 657 say\u0131l\u0131 Yasan\u0131n 4\/C maddesine g\u00f6re 25 y\u0131l \u00e7al\u0131\u015ft\u0131ktan sonra 2008 y\u0131l\u0131 sonunda emekli olan sendika \u00fcyemize herhangi bir tazminat \u00f6denmemi\u015ftir.  Gerek\u00e7e olarak,  2008 y\u0131l\u0131 Bakanlar Kurulu karar\u0131ndaki \u201dtazminat \u00f6denmeyece\u011fi\u201d h\u00fckm\u00fc g\u00f6sterilmi\u015ftir.<br \/>\nSendikam\u0131z hukuk m\u00fc\u015favirli\u011fince, hem \u00fcyemize tazminat \u00f6denmesi hem de Bakanlar Kurulu karar\u0131ndaki  \u201ctazminat \u00f6denmemesi \u201c h\u00fckm\u00fcn\u00fcn iptali i\u00e7in 2009 y\u0131l\u0131 ba\u015f\u0131nda Dan\u0131\u015ftay\u2019a dava a\u00e7\u0131lm\u0131\u015ft\u0131.<\/p>\n<p>Aradan ge\u00e7en yedi y\u0131ldan sonra Dan\u0131\u015ftay karar\u0131 taraflara tebli\u011f edilmi\u015ftir.  Dan\u0131\u015ftay 12.Dairesinin karar\u0131na g\u00f6re; 2010 y\u0131l\u0131ndan \u00f6nce istifa veya emeklilik nedeniyle kurumundan ayr\u0131lan 4\/C personele \u00e7al\u0131\u015ft\u0131klar\u0131 s\u00fcreye ili\u015fkin i\u015f sonu tazminat\u0131 \u00f6denmesi gerekecektir. Dan\u0131\u015ftay, Bakanlar Kurulu karar\u0131ndaki \u201ctazminat \u00f6denmez\u201d h\u00fckm\u00fcn\u00fc de hukuka ayk\u0131r\u0131 bularak iptal etmi\u015ftir.<\/p>\n<p>S\u00f6z konusu karar gere\u011fince 2010 y\u0131l\u0131ndan \u00f6nce kurumundan tazminat almadan ayr\u0131lan 4\/C personele \u00e7al\u0131\u015ft\u0131klar\u0131 s\u00fcreler i\u00e7in i\u015f sonu tazminat\u0131 \u00f6denmesi gerekmektedir. <\/p>\n<p>Karar\u0131n kimleri kapsad\u0131\u011f\u0131 ve yap\u0131lacak hukuki i\u015flemlerle ilgili duyurumuz en k\u0131sa s\u00fcrede yay\u0131mlanacakt\u0131r.<\/p>\n","protected":false},"excerpt":{"rendered":"<p>Sendikam\u0131z taraf\u0131ndan a\u00e7\u0131lan davada;  4\/C\u2019li personele 2010 y\u0131l\u0131 \u00f6ncesinde tazminat \u00f6denmeyece\u011fi h\u00fckm\u00fc Dan\u0131\u015ftay taraf\u0131ndan iptal edilmi\u015ftir.<\/p>\n","protected":false},"author":1,"featured_media":3431,"comment_status":"closed","ping_status":"open","sticky":false,"template":"","format":"standard","meta":{"footnotes":""},"categories":[],"tags":[],"class_list":["post-3430","post","type-post","status-publish","format-standard","has-post-thumbnail"],"_links":{"self":[{"href":"https:\/\/haksen.org.tr\/index.php?rest_route=\/wp\/v2\/posts\/3430","targetHints":{"allow":["GET"]}}],"collection":[{"href":"https:\/\/haksen.org.tr\/index.php?rest_route=\/wp\/v2\/posts"}],"about":[{"href":"https:\/\/haksen.org.tr\/index.php?rest_route=\/wp\/v2\/types\/post"}],"author":[{"embeddable":true,"href":"https:\/\/haksen.org.tr\/index.php?rest_route=\/wp\/v2\/users\/1"}],"replies":[{"embeddable":true,"href":"https:\/\/haksen.org.tr\/index.php?rest_route=%2Fwp%2Fv2%2Fcomments&post=3430"}],"version-history":[{"count":0,"href":"https:\/\/haksen.org.tr\/index.php?rest_route=\/wp\/v2\/posts\/3430\/revisions"}],"wp:featuredmedia":[{"embeddable":true,"href":"https:\/\/haksen.org.tr\/index.php?rest_route=\/wp\/v2\/media\/3431"}],"wp:attachment":[{"href":"https:\/\/haksen.org.tr\/index.php?rest_route=%2Fwp%2Fv2%2Fmedia&parent=3430"}],"wp:term":[{"taxonomy":"category","embeddable":true,"href":"https:\/\/haksen.org.tr\/index.php?rest_route=%2Fwp%2Fv2%2Fcategories&post=3430"},{"taxonomy":"post_tag","embeddable":true,"href":"https:\/\/haksen.org.tr\/index.php?rest_route=%2Fwp%2Fv2%2Ftags&post=3430"}],"curies":[{"name":"wp","href":"https:\/\/api.w.org\/{rel}","templated":true}]}}