{"id":3427,"date":"2016-10-29T12:00:00","date_gmt":"2016-10-29T12:00:00","guid":{"rendered":"http:\/\/haksen.org.tr\/?p=3427"},"modified":"2016-10-29T12:00:00","modified_gmt":"2016-10-29T12:00:00","slug":"haksen-ankara-degerlendirme-toplantisi-","status":"publish","type":"post","link":"https:\/\/haksen.org.tr\/?p=3427","title":{"rendered":"Haksen Ankara De\u011ferlendirme Toplant\u0131s\u0131"},"content":{"rendered":"<p>Toplant\u0131da; Haksen ve \u00fcye sendikalar\u0131n bug\u00fcne kadar yapt\u0131\u011f\u0131 \u00e7al\u0131\u015fmalar de\u011ferlendirilerek bundan sonra yap\u0131lmas\u0131 gereken \u00e7al\u0131\u015fmalar hakk\u0131nda g\u00f6r\u00fc\u015f al\u0131\u015fveri\u015finde bulunuldu.<\/p>\n<p>Toplant\u0131n\u0131n a\u00e7\u0131l\u0131\u015f\u0131nda bir konu\u015fma yapan Haksen Genel Ba\u015fkan\u0131 Ayhan \u00c7ivi, Haksen&#8217;in kurulu\u015funda benimsedi\u011fi ilkelerin ne kadar de\u011ferli oldu\u011funun giderek daha da iyi anla\u015f\u0131ld\u0131\u011f\u0131n\u0131, s\u00f6yledi.<\/p>\n<p>Sendikal m\u00fccadelenin siyasi, ideolojik veya ba\u015fka g\u00fc\u00e7 merkezlerine ba\u011fl\u0131 olarak y\u00fcr\u00fct\u00fclmesinin Devletimize ve Milletimize zarar verdi\u011finin 15 Temmuz&#8217;da daha iyi anla\u015f\u0131ld\u0131\u011f\u0131n\u0131 hat\u0131rlatan \u00c7ivi, kamu g\u00f6revlileri Devletin ve Milletin memuru olmal\u0131d\u0131r, dedi.<\/p>\n<p>Bu toplant\u0131da ortaya konan g\u00f6r\u00fc\u015fler do\u011frultusunda sendikam\u0131z\u0131n bundan sonraki rotas\u0131n\u0131n belirlenece\u011fini vurgulayan \u00c7ivi, \u00fclkemize ve kamu \u00e7al\u0131\u015fanlar\u0131na daha etkili hizmetler i\u00e7in her y\u00f6neticinin yetki ve sorumluluklar\u0131 oldu\u011funu, s\u00f6yledi.<\/p>\n<p>Toplant\u0131da s\u00f6z alan sendika y\u00f6neticileri de ele\u015ftiri, \u00f6neri ve taleplerini dile getirdiler.<\/p>\n<h2 style='margin:20px 0;'>\u0130\u00e7erik Galerisi<\/h2>\n<p><img decoding=\"async\" src=\"wp-content\/uploads\/2016\/12\/854114653.jpg\" alt=\"Haksen Ankara De\u011ferlendirme Toplant\u0131s\u0131 \" style=\"width:100%;\" \/><\/p>\n","protected":false},"excerpt":{"rendered":"<p>Haksen&#8217;e ba\u011fl\u0131 sendikalar\u0131n y\u00f6neticilerinin kat\u0131l\u0131m\u0131 ile Ankara De\u011ferlendirme Toplant\u0131s\u0131 yap\u0131ld\u0131.<\/p>\n","protected":false},"author":1,"featured_media":3428,"comment_status":"closed","ping_status":"open","sticky":false,"template":"","format":"standard","meta":{"footnotes":""},"categories":[],"tags":[],"class_list":["post-3427","post","type-post","status-publish","format-standard","has-post-thumbnail"],"_links":{"self":[{"href":"https:\/\/haksen.org.tr\/index.php?rest_route=\/wp\/v2\/posts\/3427","targetHints":{"allow":["GET"]}}],"collection":[{"href":"https:\/\/haksen.org.tr\/index.php?rest_route=\/wp\/v2\/posts"}],"about":[{"href":"https:\/\/haksen.org.tr\/index.php?rest_route=\/wp\/v2\/types\/post"}],"author":[{"embeddable":true,"href":"https:\/\/haksen.org.tr\/index.php?rest_route=\/wp\/v2\/users\/1"}],"replies":[{"embeddable":true,"href":"https:\/\/haksen.org.tr\/index.php?rest_route=%2Fwp%2Fv2%2Fcomments&post=3427"}],"version-history":[{"count":0,"href":"https:\/\/haksen.org.tr\/index.php?rest_route=\/wp\/v2\/posts\/3427\/revisions"}],"wp:featuredmedia":[{"embeddable":true,"href":"https:\/\/haksen.org.tr\/index.php?rest_route=\/wp\/v2\/media\/3428"}],"wp:attachment":[{"href":"https:\/\/haksen.org.tr\/index.php?rest_route=%2Fwp%2Fv2%2Fmedia&parent=3427"}],"wp:term":[{"taxonomy":"category","embeddable":true,"href":"https:\/\/haksen.org.tr\/index.php?rest_route=%2Fwp%2Fv2%2Fcategories&post=3427"},{"taxonomy":"post_tag","embeddable":true,"href":"https:\/\/haksen.org.tr\/index.php?rest_route=%2Fwp%2Fv2%2Ftags&post=3427"}],"curies":[{"name":"wp","href":"https:\/\/api.w.org\/{rel}","templated":true}]}}