{"id":3425,"date":"2016-10-28T12:00:00","date_gmt":"2016-10-28T12:00:00","guid":{"rendered":"http:\/\/haksen.org.tr\/?p=3425"},"modified":"2016-10-28T12:00:00","modified_gmt":"2016-10-28T12:00:00","slug":"cumhuriyet-bayraminiz-kutlu-olsun","status":"publish","type":"post","link":"https:\/\/haksen.org.tr\/?p=3425","title":{"rendered":"Cumhuriyet Bayram\u0131n\u0131z Kutlu Olsun"},"content":{"rendered":"<p>Y\u00fcce Milletimizin vermi\u015f oldu\u011fu kurtulu\u015f m\u00fccadelesinin sonucunda b\u00fcy\u00fck gayret ve fedak\u00e2rl\u0131klarla elde etti\u011fimiz Cumhuriyetimizin kurulu\u015funun 93. Y\u0131ld\u00f6n\u00fcm\u00fcn\u00fc kutluyor, Gazi Mustafa Kemal Atat\u00fcrk ve silah arkada\u015flar\u0131 ba\u015fta olmak \u00fczere, aziz vatan\u0131n b\u00fct\u00fcnl\u00fc\u011f\u00fc ve ba\u011f\u0131ms\u0131zl\u0131\u011f\u0131 i\u00e7in canlar\u0131n\u0131 ortaya koyan t\u00fcm \u015fehit ve gazilerimizi rahmet ve sayg\u0131yla an\u0131yoruz.<\/p>\n","protected":false},"excerpt":{"rendered":"<p>Milletimizin  kurtulu\u015f m\u00fccadelesinin sonucunda b\u00fcy\u00fck gayret ve fedak\u00e2rl\u0131klarla elde etti\u011fimiz Cumhuriyetimizin kurulu\u015funun 93. Y\u0131ld\u00f6n\u00fcm\u00fc kutlu olsun<\/p>\n","protected":false},"author":1,"featured_media":3426,"comment_status":"closed","ping_status":"open","sticky":false,"template":"","format":"standard","meta":{"footnotes":""},"categories":[],"tags":[],"class_list":["post-3425","post","type-post","status-publish","format-standard","has-post-thumbnail"],"_links":{"self":[{"href":"https:\/\/haksen.org.tr\/index.php?rest_route=\/wp\/v2\/posts\/3425","targetHints":{"allow":["GET"]}}],"collection":[{"href":"https:\/\/haksen.org.tr\/index.php?rest_route=\/wp\/v2\/posts"}],"about":[{"href":"https:\/\/haksen.org.tr\/index.php?rest_route=\/wp\/v2\/types\/post"}],"author":[{"embeddable":true,"href":"https:\/\/haksen.org.tr\/index.php?rest_route=\/wp\/v2\/users\/1"}],"replies":[{"embeddable":true,"href":"https:\/\/haksen.org.tr\/index.php?rest_route=%2Fwp%2Fv2%2Fcomments&post=3425"}],"version-history":[{"count":0,"href":"https:\/\/haksen.org.tr\/index.php?rest_route=\/wp\/v2\/posts\/3425\/revisions"}],"wp:featuredmedia":[{"embeddable":true,"href":"https:\/\/haksen.org.tr\/index.php?rest_route=\/wp\/v2\/media\/3426"}],"wp:attachment":[{"href":"https:\/\/haksen.org.tr\/index.php?rest_route=%2Fwp%2Fv2%2Fmedia&parent=3425"}],"wp:term":[{"taxonomy":"category","embeddable":true,"href":"https:\/\/haksen.org.tr\/index.php?rest_route=%2Fwp%2Fv2%2Fcategories&post=3425"},{"taxonomy":"post_tag","embeddable":true,"href":"https:\/\/haksen.org.tr\/index.php?rest_route=%2Fwp%2Fv2%2Ftags&post=3425"}],"curies":[{"name":"wp","href":"https:\/\/api.w.org\/{rel}","templated":true}]}}