{"id":3419,"date":"2016-08-22T12:00:00","date_gmt":"2016-08-22T12:00:00","guid":{"rendered":"http:\/\/haksen.org.tr\/?p=3419"},"modified":"2016-08-22T12:00:00","modified_gmt":"2016-08-22T12:00:00","slug":"teror-saldirilarini-lanetliyoruz","status":"publish","type":"post","link":"https:\/\/haksen.org.tr\/?p=3419","title":{"rendered":"Ter\u00f6r Sald\u0131r\u0131lar\u0131n\u0131 Lanetliyoruz"},"content":{"rendered":"<p>Son g\u00fcnlerde \u00fclkemizin birli\u011fine ve dirli\u011fine , vatan\u0131m\u0131z\u0131n b\u00fct\u00fcnl\u00fc\u011f\u00fcne, g\u00fcvenlik g\u00fc\u00e7lerimizin  ve sivil vatanda\u015flar\u0131m\u0131z\u0131n hayat\u0131na kasteden  ter\u00f6r sald\u0131r\u0131lar\u0131n\u0131 nefretle lanetliyoruz.<\/p>\n<p>\u0130simleri farkl\u0131 ama\u00e7lar\u0131 ayn\u0131 olan ter\u00f6r \u00f6rg\u00fctlerinin Van, Bitlis, Mu\u015f, Elaz\u0131\u011f ve Gaziantep&#8217;te ger\u00e7ekle\u015ftirdikleri ter\u00f6r sald\u0131r\u0131lar\u0131n\u0131 nefretle lanetliyoruz.<\/p>\n<p>Ter\u00f6r sald\u0131r\u0131lar\u0131nda \u015fehit edilen g\u00fcvenlik g\u00fc\u00e7lerimize ve vatanda\u015flar\u0131m\u0131za Allah&#8217;tan rahmet, yaral\u0131lara acil \u015fifalar diliyoruz.<\/p>\n","protected":false},"excerpt":{"rendered":"<p>\u00dclkemizin birli\u011fine,vatan\u0131m\u0131z\u0131n b\u00fct\u00fcnl\u00fc\u011f\u00fcne, g\u00fcvenlik g\u00fc\u00e7lerimizin  ve sivil vatanda\u015flar\u0131m\u0131z\u0131n hayat\u0131na kasteden  ter\u00f6r\u00fc lanetliyoruz<\/p>\n","protected":false},"author":1,"featured_media":3420,"comment_status":"closed","ping_status":"open","sticky":false,"template":"","format":"standard","meta":{"footnotes":""},"categories":[],"tags":[],"class_list":["post-3419","post","type-post","status-publish","format-standard","has-post-thumbnail"],"_links":{"self":[{"href":"https:\/\/haksen.org.tr\/index.php?rest_route=\/wp\/v2\/posts\/3419","targetHints":{"allow":["GET"]}}],"collection":[{"href":"https:\/\/haksen.org.tr\/index.php?rest_route=\/wp\/v2\/posts"}],"about":[{"href":"https:\/\/haksen.org.tr\/index.php?rest_route=\/wp\/v2\/types\/post"}],"author":[{"embeddable":true,"href":"https:\/\/haksen.org.tr\/index.php?rest_route=\/wp\/v2\/users\/1"}],"replies":[{"embeddable":true,"href":"https:\/\/haksen.org.tr\/index.php?rest_route=%2Fwp%2Fv2%2Fcomments&post=3419"}],"version-history":[{"count":0,"href":"https:\/\/haksen.org.tr\/index.php?rest_route=\/wp\/v2\/posts\/3419\/revisions"}],"wp:featuredmedia":[{"embeddable":true,"href":"https:\/\/haksen.org.tr\/index.php?rest_route=\/wp\/v2\/media\/3420"}],"wp:attachment":[{"href":"https:\/\/haksen.org.tr\/index.php?rest_route=%2Fwp%2Fv2%2Fmedia&parent=3419"}],"wp:term":[{"taxonomy":"category","embeddable":true,"href":"https:\/\/haksen.org.tr\/index.php?rest_route=%2Fwp%2Fv2%2Fcategories&post=3419"},{"taxonomy":"post_tag","embeddable":true,"href":"https:\/\/haksen.org.tr\/index.php?rest_route=%2Fwp%2Fv2%2Ftags&post=3419"}],"curies":[{"name":"wp","href":"https:\/\/api.w.org\/{rel}","templated":true}]}}