{"id":3417,"date":"2016-07-16T12:00:00","date_gmt":"2016-07-16T12:00:00","guid":{"rendered":"http:\/\/haksen.org.tr\/?p=3417"},"modified":"2016-07-16T12:00:00","modified_gmt":"2016-07-16T12:00:00","slug":"demokrasiye--saldiriyi-lanetliyoruz","status":"publish","type":"post","link":"https:\/\/haksen.org.tr\/?p=3417","title":{"rendered":"Demokrasiye  sald\u0131r\u0131y\u0131 lanetliyoruz"},"content":{"rendered":"<p>Demokrasiye y\u00fcrekten inanan , insan hak ve \u00f6zg\u00fcrl\u00fcklerini rehber edinen y\u00fczde y\u00fcz  sivil  toplum kurulu\u015fu olma vizyonunu ta\u015f\u0131yan konfederasyonumuz d\u00fcn oldu\u011fu gibi bug\u00fcn de yar\u0131n da demokrasinin y\u0131lmaz savunucusu olacakt\u0131r.<\/p>\n<p>Darbeler ve darbe giri\u015fimlerinin amac\u0131  demokrasiyi dolay\u0131s\u0131yla  hukuku , insan hak ve \u00f6zg\u00fcrl\u00fcklerini ortadan kald\u0131rmakt\u0131r.<\/p>\n<p>Demokrasinin olmad\u0131\u011f\u0131 yerde hak ve emek m\u00fccadelesi de olmayacakt\u0131r.<\/p>\n<p>Bu d\u00fc\u015f\u00fcncelerle darbe giri\u015fimini \u015fiddetli bir \u015fekilde lanetliyor, \u015fehitlerimize Allah&#8217;tan rahmet, yaral\u0131lara acil \u015fifalar dileriz..<\/p>\n","protected":false},"excerpt":{"rendered":"<p>Demokrasiyi ve parlamenter d\u00fczeni   ortadan kald\u0131rmay\u0131 hedefleyen darbe giri\u015fimini lanetliyoruz.<\/p>\n","protected":false},"author":1,"featured_media":3418,"comment_status":"closed","ping_status":"open","sticky":false,"template":"","format":"standard","meta":{"footnotes":""},"categories":[],"tags":[],"class_list":["post-3417","post","type-post","status-publish","format-standard","has-post-thumbnail"],"_links":{"self":[{"href":"https:\/\/haksen.org.tr\/index.php?rest_route=\/wp\/v2\/posts\/3417","targetHints":{"allow":["GET"]}}],"collection":[{"href":"https:\/\/haksen.org.tr\/index.php?rest_route=\/wp\/v2\/posts"}],"about":[{"href":"https:\/\/haksen.org.tr\/index.php?rest_route=\/wp\/v2\/types\/post"}],"author":[{"embeddable":true,"href":"https:\/\/haksen.org.tr\/index.php?rest_route=\/wp\/v2\/users\/1"}],"replies":[{"embeddable":true,"href":"https:\/\/haksen.org.tr\/index.php?rest_route=%2Fwp%2Fv2%2Fcomments&post=3417"}],"version-history":[{"count":0,"href":"https:\/\/haksen.org.tr\/index.php?rest_route=\/wp\/v2\/posts\/3417\/revisions"}],"wp:featuredmedia":[{"embeddable":true,"href":"https:\/\/haksen.org.tr\/index.php?rest_route=\/wp\/v2\/media\/3418"}],"wp:attachment":[{"href":"https:\/\/haksen.org.tr\/index.php?rest_route=%2Fwp%2Fv2%2Fmedia&parent=3417"}],"wp:term":[{"taxonomy":"category","embeddable":true,"href":"https:\/\/haksen.org.tr\/index.php?rest_route=%2Fwp%2Fv2%2Fcategories&post=3417"},{"taxonomy":"post_tag","embeddable":true,"href":"https:\/\/haksen.org.tr\/index.php?rest_route=%2Fwp%2Fv2%2Ftags&post=3417"}],"curies":[{"name":"wp","href":"https:\/\/api.w.org\/{rel}","templated":true}]}}