{"id":3405,"date":"2016-06-05T12:00:00","date_gmt":"2016-06-05T12:00:00","guid":{"rendered":"http:\/\/haksen.org.tr\/?p=3405"},"modified":"2016-06-05T12:00:00","modified_gmt":"2016-06-05T12:00:00","slug":"sozde-soykirim-kararina-firinli-protesto","status":"publish","type":"post","link":"https:\/\/haksen.org.tr\/?p=3405","title":{"rendered":"S\u00f6zde Soyk\u0131r\u0131m Karar\u0131na F\u0131r\u0131nl\u0131 Protesto"},"content":{"rendered":"<p>A\u00e7\u0131klama s\u0131ras\u0131nda &#8220;iftirac\u0131 Almanya&#8221; , &#8220;Almanya \u015fa\u015f\u0131rma sabr\u0131m\u0131z\u0131 ta\u015f\u0131rma&#8221; sloganlar\u0131 at\u0131ld\u0131. A\u00e7\u0131klaman\u0131n ard\u0131ndan , Almanya&#8217;n\u0131n tarihini hat\u0131rlatmak el\u00e7ili\u011fin \u00f6n\u00fcne f\u0131r\u0131n b\u0131rakan \u00fcyeler, a\u00e7\u0131klaman\u0131n Almanca metnini de a\u011faca ast\u0131.<\/p>\n<p>&#8220;<a href=\"https:\/\/www.youtube.com\/watch?v=90QFE7DwW70\">  EYLEM\u0130  \u0130ZLEMEK \u0130\u00c7\u0130N TIKLAYINIZ<\/a>&#8221;<\/p>\n<p>Bas\u0131n a\u00e7\u0131klamas\u0131 yapan Haksen Genel Ba\u015fkan\u0131 Ayhan \u00c7ivi \u015funlar\u0131 s\u00f6yledi;<\/p>\n<p>\u00dclkemiz \u00fczerindeki emperyalist emellerini ger\u00e7ekle\u015ftiremeyenler, y\u00fcze Milletimizin verdi\u011fi kurtulu\u015f m\u00fccadelesini hazmedemeyenler, s\u00f6zde soyk\u0131r\u0131m yasalar\u0131 ile iftiralar\u0131na devam ediyorlar.<br \/>\nSon olarak Alman Parlamentosunda kabul edilen Yasa bunun en a\u00e7\u0131k \u00f6rne\u011fidir.<\/p>\n<p>Bu s\u00f6zde yasa, 100 y\u0131l \u00f6nce ya\u015fanm\u0131\u015f olaylara vurgu yaparak, dini inan\u00e7lar\u0131 ve etnik k\u00f6kenleri \u00fczerinden \u00fclkemizdeki az\u0131nl\u0131klar\u0131 k\u0131\u015fk\u0131rtan bir pa\u00e7avrad\u0131r.<\/p>\n<p>\u0130\u00e7lerinde kalan, \u00fclkemizin birlik ve b\u00fct\u00fcnl\u00fc\u011f\u00fcn\u00fc zay\u0131flatmak heveslerinin a\u00e7\u0131k bir \u015fekilde d\u0131\u015fa vurumudur.<\/p>\n<p>Tamamen siyasi ama\u00e7larla al\u0131nan bu karar bizim a\u00e7\u0131m\u0131zdan yok h\u00fckm\u00fcndedir. <\/p>\n<p>100 y\u0131l \u00f6nce i\u015fbirlik\u00e7i g\u00fc\u00e7lerle birlikte do\u011fup b\u00fcy\u00fcd\u00fckleri , ekme\u011fini yedikleri topraklarda y\u00fczbinlerce vatanda\u015f\u0131m\u0131z\u0131 katleden ermeni \u00e7etelerini me\u015frula\u015ft\u0131ran bu anlay\u0131\u015f asla bizim dostumuz olmaz.<\/p>\n<p>Kendi tarihlerindeki soyk\u0131r\u0131mlara ve katliamlara ortak arayanlara \u015funu s\u00f6yl\u00fcyoruz;<\/p>\n<p>Y\u00fcce Milletimize iftira atarak tarihinizdeki utan\u00e7tan kurtulamazs\u0131n\u0131z.<\/p>\n<p>Bu utan\u00e7la da ya\u015famaya devam edeceksiniz.<\/p>\n<p>Bu iftira yasan\u0131z\u0131 en \u015fiddetli bir \u015fekilde k\u0131n\u0131yoruz.<\/p>\n<p>Bu yasa bir kez daha g\u00f6stermi\u015ftir ki T\u00fcrk&#8217;\u00fcn T\u00fcrk&#8217;ten ba\u015fka dostu yoktur.<\/p>\n<p>Biz \u015ferefli mazimizle gurur duyuyoruz.<\/p>\n<p>BU UTAN\u00c7 S\u0130ZE YETER !<\/p>\n<h2 style='margin:20px 0;'>\u0130\u00e7erik Galerisi<\/h2>\n<p><img decoding=\"async\" src=\"wp-content\/uploads\/2016\/12\/484129935.JPG\" alt=\"S\u00f6zde Soyk\u0131r\u0131m Karar\u0131na F\u0131r\u0131nl\u0131 Protesto\" style=\"width:100%;\" \/><\/p>\n<p><img decoding=\"async\" src=\"wp-content\/uploads\/2016\/12\/822909500.JPG\" alt=\"S\u00f6zde Soyk\u0131r\u0131m Karar\u0131na F\u0131r\u0131nl\u0131 Protesto\" style=\"width:100%;\" \/><\/p>\n<p><img decoding=\"async\" src=\"wp-content\/uploads\/2016\/12\/467438207.JPG\" alt=\"S\u00f6zde Soyk\u0131r\u0131m Karar\u0131na F\u0131r\u0131nl\u0131 Protesto\" style=\"width:100%;\" \/><\/p>\n<p><img decoding=\"async\" src=\"wp-content\/uploads\/2016\/12\/191647141.JPG\" alt=\"S\u00f6zde Soyk\u0131r\u0131m Karar\u0131na F\u0131r\u0131nl\u0131 Protesto\" style=\"width:100%;\" \/><\/p>\n<p><img decoding=\"async\" src=\"wp-content\/uploads\/2016\/12\/976060495.JPG\" alt=\"S\u00f6zde Soyk\u0131r\u0131m Karar\u0131na F\u0131r\u0131nl\u0131 Protesto\" style=\"width:100%;\" \/><\/p>\n<p><img decoding=\"async\" src=\"wp-content\/uploads\/2016\/12\/170705564.JPG\" alt=\"S\u00f6zde Soyk\u0131r\u0131m Karar\u0131na F\u0131r\u0131nl\u0131 Protesto\" style=\"width:100%;\" \/><\/p>\n<p><img decoding=\"async\" src=\"wp-content\/uploads\/2016\/12\/490948049.JPG\" alt=\"S\u00f6zde Soyk\u0131r\u0131m Karar\u0131na F\u0131r\u0131nl\u0131 Protesto\" style=\"width:100%;\" \/><\/p>\n<p><img decoding=\"async\" src=\"wp-content\/uploads\/2016\/12\/164599583.JPG\" alt=\"S\u00f6zde Soyk\u0131r\u0131m Karar\u0131na F\u0131r\u0131nl\u0131 Protesto\" style=\"width:100%;\" \/><\/p>\n","protected":false},"excerpt":{"rendered":"<p>Haksen \u00fcyeleri , Almanya&#8217;n\u0131n s\u00f6zde soyk\u0131r\u0131m karar\u0131n\u0131 Alman El\u00e7ili\u011fi \u00f6n\u00fcnde protesto etti. <\/p>\n","protected":false},"author":1,"featured_media":3406,"comment_status":"closed","ping_status":"open","sticky":false,"template":"","format":"standard","meta":{"footnotes":""},"categories":[],"tags":[],"class_list":["post-3405","post","type-post","status-publish","format-standard","has-post-thumbnail"],"_links":{"self":[{"href":"https:\/\/haksen.org.tr\/index.php?rest_route=\/wp\/v2\/posts\/3405","targetHints":{"allow":["GET"]}}],"collection":[{"href":"https:\/\/haksen.org.tr\/index.php?rest_route=\/wp\/v2\/posts"}],"about":[{"href":"https:\/\/haksen.org.tr\/index.php?rest_route=\/wp\/v2\/types\/post"}],"author":[{"embeddable":true,"href":"https:\/\/haksen.org.tr\/index.php?rest_route=\/wp\/v2\/users\/1"}],"replies":[{"embeddable":true,"href":"https:\/\/haksen.org.tr\/index.php?rest_route=%2Fwp%2Fv2%2Fcomments&post=3405"}],"version-history":[{"count":0,"href":"https:\/\/haksen.org.tr\/index.php?rest_route=\/wp\/v2\/posts\/3405\/revisions"}],"wp:featuredmedia":[{"embeddable":true,"href":"https:\/\/haksen.org.tr\/index.php?rest_route=\/wp\/v2\/media\/3406"}],"wp:attachment":[{"href":"https:\/\/haksen.org.tr\/index.php?rest_route=%2Fwp%2Fv2%2Fmedia&parent=3405"}],"wp:term":[{"taxonomy":"category","embeddable":true,"href":"https:\/\/haksen.org.tr\/index.php?rest_route=%2Fwp%2Fv2%2Fcategories&post=3405"},{"taxonomy":"post_tag","embeddable":true,"href":"https:\/\/haksen.org.tr\/index.php?rest_route=%2Fwp%2Fv2%2Ftags&post=3405"}],"curies":[{"name":"wp","href":"https:\/\/api.w.org\/{rel}","templated":true}]}}