{"id":3401,"date":"2016-06-01T12:00:00","date_gmt":"2016-06-01T12:00:00","guid":{"rendered":"http:\/\/haksen.org.tr\/?p=3401"},"modified":"2016-06-01T12:00:00","modified_gmt":"2016-06-01T12:00:00","slug":"yargida-zorunlu-goce-hayir-","status":"publish","type":"post","link":"https:\/\/haksen.org.tr\/?p=3401","title":{"rendered":"Yarg\u0131da Zorunlu G\u00f6\u00e7e Hay\u0131r !"},"content":{"rendered":"<p>Kamu \u00c7al\u0131\u015fanlar\u0131 Hak Sendikalar\u0131 Konfederasyonu (HAKSEN) Genel Ba\u015fkan\u0131 Ayhan \u00c7ivi, Adalet Bakanl\u0131\u011f\u0131 personelin zorunlu atama kapsam\u0131na al\u0131nmas\u0131n\u0131n rotasyon zulm\u00fc  oldu\u011funu, s\u00f6yledi.<\/p>\n<p>Haksen Genel Ba\u015fkan\u0131 Ayhan \u00c7ivi,  14 May\u0131s 2016 tarihli Resmi Gazete&#8217;de yay\u0131mlanarak y\u00fcr\u00fcrl\u00fc\u011fe giren Adalet Bakanl\u0131\u011f\u0131 Memur S\u0131nav, Atama Ve Nakil Y\u00f6netmeli\u011finde De\u011fi\u015fiklik Yap\u0131lmas\u0131na  Dair Y\u00f6netmelik ile yaz\u0131 i\u015fleri ve idari i\u015fler m\u00fcd\u00fcrleri ile  mahalli bilgi i\u015flem ve mahalli adli sicildeki \u015fube m\u00fcd\u00fcrlerinin   zorunlu atamaya tabi personel kapsam\u0131na al\u0131nd\u0131\u011f\u0131n\u0131 hat\u0131rlatarak, kamuoyunca rotasyon olarak bilinen bu uygulama ile say\u0131lar\u0131 binlerle ifade edilen personel g\u00f6\u00e7ebe konumuna gelecektir, dedi.<\/p>\n<p>Bug\u00fcne kadar, rotasyona tabi olacak unvanlara ba\u011fl\u0131 bulundu\u011fu komisyondaki  bo\u015f kadrolar dikkate al\u0131narak atama yap\u0131ld\u0131\u011f\u0131n\u0131 belirten \u00c7ivi, personelin de bu durumu g\u00f6z \u00f6n\u00fcne alarak g\u00f6revde y\u00fckselme s\u0131navlar\u0131na girdi\u011fini ve atamalar\u0131n\u0131n buna g\u00f6re yap\u0131ld\u0131\u011f\u0131n\u0131, s\u00f6yledi.<\/p>\n<p>\u00c7ivi a\u00e7\u0131klamas\u0131na \u015f\u00f6yle s\u00fcrd\u00fcrd\u00fc;<\/p>\n<p>Personel emeklili\u011fe zorlan\u0131yor.<\/p>\n<p>Halen g\u00f6rev yapt\u0131\u011f\u0131 yere g\u00f6re gelece\u011fini planlayan personelden emeklilik s\u00fcresini dolduranlar, zorunlu yer de\u011fi\u015fikli\u011fi nedeniyle emeklili\u011fe  zorlanacakt\u0131r. Emekli olmalar\u0131 halinde ise  maa\u015flar\u0131 yar\u0131ya d\u00fc\u015fecektir. Neresinden bak\u0131lsa  personel bir emri vaki ile kar\u015f\u0131 kar\u015f\u0131ya b\u0131rak\u0131lm\u0131\u015ft\u0131r.<\/p>\n<p>Yarg\u0131ya gidiyoruz.<\/p>\n<p>Yarg\u0131 \u00e7al\u0131\u015fanlar\u0131 aleyhine yap\u0131lan d\u00fczenlemeler ile kazan\u0131lm\u0131\u015f haklar\u0131 elinden al\u0131namaya devam edilmektedir. Yarg\u0131y\u0131 sadece hakim ve savc\u0131lardan ibaret g\u00f6ren, \u00e7al\u0131\u015fanlar\u0131 ve onlar\u0131n temsilcileri olan sendikalar\u0131 ar\u0131 yok sayarak, oldu bittiye getirilen  hukuka ayk\u0131r\u0131  bu d\u00fczenlemeye kar\u015f\u0131 demokratik haklar\u0131m\u0131z\u0131 kullanmakla birlikte iptali i\u00e7in hukuk m\u00fc\u015favirli\u011fimizce yarg\u0131 yoluna ba\u015fvuru yap\u0131lacakt\u0131r.<\/p>\n","protected":false},"excerpt":{"rendered":"<p>Haksen Genel Ba\u015fkan\u0131 Ayhan \u00c7ivi, yarg\u0131 \u00e7al\u0131\u015fanlar\u0131na getirilen rotasyon uygulamas\u0131 ile personelin g\u00f6\u00e7e zorland\u0131\u011f\u0131n\u0131, s\u00f6yledi.<\/p>\n","protected":false},"author":1,"featured_media":3402,"comment_status":"closed","ping_status":"open","sticky":false,"template":"","format":"standard","meta":{"footnotes":""},"categories":[],"tags":[],"class_list":["post-3401","post","type-post","status-publish","format-standard","has-post-thumbnail"],"_links":{"self":[{"href":"https:\/\/haksen.org.tr\/index.php?rest_route=\/wp\/v2\/posts\/3401","targetHints":{"allow":["GET"]}}],"collection":[{"href":"https:\/\/haksen.org.tr\/index.php?rest_route=\/wp\/v2\/posts"}],"about":[{"href":"https:\/\/haksen.org.tr\/index.php?rest_route=\/wp\/v2\/types\/post"}],"author":[{"embeddable":true,"href":"https:\/\/haksen.org.tr\/index.php?rest_route=\/wp\/v2\/users\/1"}],"replies":[{"embeddable":true,"href":"https:\/\/haksen.org.tr\/index.php?rest_route=%2Fwp%2Fv2%2Fcomments&post=3401"}],"version-history":[{"count":0,"href":"https:\/\/haksen.org.tr\/index.php?rest_route=\/wp\/v2\/posts\/3401\/revisions"}],"wp:featuredmedia":[{"embeddable":true,"href":"https:\/\/haksen.org.tr\/index.php?rest_route=\/wp\/v2\/media\/3402"}],"wp:attachment":[{"href":"https:\/\/haksen.org.tr\/index.php?rest_route=%2Fwp%2Fv2%2Fmedia&parent=3401"}],"wp:term":[{"taxonomy":"category","embeddable":true,"href":"https:\/\/haksen.org.tr\/index.php?rest_route=%2Fwp%2Fv2%2Fcategories&post=3401"},{"taxonomy":"post_tag","embeddable":true,"href":"https:\/\/haksen.org.tr\/index.php?rest_route=%2Fwp%2Fv2%2Ftags&post=3401"}],"curies":[{"name":"wp","href":"https:\/\/api.w.org\/{rel}","templated":true}]}}