{"id":3382,"date":"2016-05-03T12:00:00","date_gmt":"2016-05-03T12:00:00","guid":{"rendered":"http:\/\/haksen.org.tr\/?p=3382"},"modified":"2016-05-03T12:00:00","modified_gmt":"2016-05-03T12:00:00","slug":"trakya-ve-istanbul-cikarmasi","status":"publish","type":"post","link":"https:\/\/haksen.org.tr\/?p=3382","title":{"rendered":"Trakya ve \u0130stanbul \u00c7\u0131karmas\u0131"},"content":{"rendered":"<p>24 Nisan &#8211; 1 May\u0131s 2016 tarihlerini kapsayan faaliyet program\u0131 \u00e7er\u00e7evesinde beraberindeki heyetle birlikte Edirne, Tekirda\u011f, \u00c7orlu ve \u0130stanbul&#8217;da \u00e7e\u015fitli ziyaret ve toplant\u0131lara kat\u0131ld\u0131.<\/p>\n<p>Program \u015fu \u015fekilde ger\u00e7ekle\u015fti;<\/p>\n<p>Edirne T\u00fcik B\u00f6lge M\u00fcd\u00fcrl\u00fc\u011f\u00fc,<br \/>\nEdirne Vergi Daireleri,<br \/>\n\u00c7orlu Sgk Merkez M\u00fcd\u00fcrl\u00fc\u011f\u00fc,<br \/>\nTekirda\u011f SGK \u0130l M\u00fcd\u00fcrl\u00fc\u011f\u00fc,<br \/>\nTekirda\u011f B\u00fcy\u00fck\u015fehir Belediyesi,<br \/>\nTekirda\u011f Nam\u0131k Kemal \u00dcniversitesi,<br \/>\nTekirda\u011f Halk Sa\u011fl\u0131\u011f\u0131 M\u00fcd\u00fcrl\u00fc\u011f\u00fc,<br \/>\nTekirda\u011f Vergi Daireleri,<br \/>\nTekirda\u011f Meteoroloji M\u00fcd\u00fcrl\u00fc\u011f\u00fc,<br \/>\nTekirda\u011f&#8217;da \u00fcyelerimizle toplant\u0131,<br \/>\n\u0130stanbul Vergi Dairesi Ba\u015fkanl\u0131\u011f\u0131<br \/>\n\u0130stanbul Anadolu Adliyesi,<br \/>\n\u0130stanbul Zeynep Kamil E\u011fitim Ara\u015ft\u0131rma Hastanesi,<br \/>\n\u0130stanbul Ey\u00fcp Mal M\u00fcd\u00fcrl\u00fc\u011f\u00fc,<br \/>\n\u0130stanbul Ey\u00fcp N\u00fcfus M\u00fcd\u00fcrl\u00fc\u011f\u00fc,<br \/>\n\u0130stanbul Fatih N\u00fcfus M\u00fcd\u00fcrl\u00fc\u011f\u00fc,<br \/>\n\u0130stanbul Fatih Mal M\u00fcd\u00fcrl\u00fc\u011f\u00fc,<br \/>\n\u0130stanbul At\u0131\u015falan\u0131 ve G\u00fcng\u00f6ren Vergi Daireleri,<br \/>\n\u0130stanbul Beyo\u011flu \u00d6\u011fretmenevinde \u00fcyelerimizle toplant\u0131,<\/p>\n<h2 style='margin:20px 0;'>\u0130\u00e7erik Galerisi<\/h2>\n<p><img decoding=\"async\" src=\"wp-content\/uploads\/2016\/12\/306275211.jpg\" alt=\"Trakya ve \u0130stanbul \u00c7\u0131karmas\u0131\" style=\"width:100%;\" \/><\/p>\n<p><img decoding=\"async\" src=\"wp-content\/uploads\/2016\/12\/839826369.jpg\" alt=\"Trakya ve \u0130stanbul \u00c7\u0131karmas\u0131\" style=\"width:100%;\" \/><\/p>\n<p><img decoding=\"async\" src=\"wp-content\/uploads\/2016\/12\/153425568.jpg\" alt=\"Trakya ve \u0130stanbul \u00c7\u0131karmas\u0131\" style=\"width:100%;\" \/><\/p>\n<p><img decoding=\"async\" src=\"wp-content\/uploads\/2016\/12\/27782902.jpg\" alt=\"Trakya ve \u0130stanbul \u00c7\u0131karmas\u0131\" style=\"width:100%;\" \/><\/p>\n<p><img decoding=\"async\" src=\"wp-content\/uploads\/2016\/12\/526187958.jpg\" alt=\"Trakya ve \u0130stanbul \u00c7\u0131karmas\u0131\" style=\"width:100%;\" \/><\/p>\n<p><img decoding=\"async\" src=\"wp-content\/uploads\/2016\/12\/774703311.jpg\" alt=\"Trakya ve \u0130stanbul \u00c7\u0131karmas\u0131\" style=\"width:100%;\" \/><\/p>\n<p><img decoding=\"async\" src=\"wp-content\/uploads\/2016\/12\/154911365.jpg\" alt=\"Trakya ve \u0130stanbul \u00c7\u0131karmas\u0131\" style=\"width:100%;\" \/><\/p>\n<p><img decoding=\"async\" src=\"wp-content\/uploads\/2016\/12\/13769419.jpg\" alt=\"Trakya ve \u0130stanbul \u00c7\u0131karmas\u0131\" style=\"width:100%;\" \/><\/p>\n<p><img decoding=\"async\" src=\"wp-content\/uploads\/2016\/12\/635055293.jpg\" alt=\"Trakya ve \u0130stanbul \u00c7\u0131karmas\u0131\" style=\"width:100%;\" \/><\/p>\n<p><img decoding=\"async\" src=\"wp-content\/uploads\/2016\/12\/988413875.jpg\" alt=\"Trakya ve \u0130stanbul \u00c7\u0131karmas\u0131\" style=\"width:100%;\" \/><\/p>\n<p><img decoding=\"async\" src=\"wp-content\/uploads\/2016\/12\/392240959.jpg\" alt=\"Trakya ve \u0130stanbul \u00c7\u0131karmas\u0131\" style=\"width:100%;\" \/><\/p>\n<p><img decoding=\"async\" src=\"wp-content\/uploads\/2016\/12\/809716335.jpg\" alt=\"Trakya ve \u0130stanbul \u00c7\u0131karmas\u0131\" style=\"width:100%;\" \/><\/p>\n<p><img decoding=\"async\" src=\"wp-content\/uploads\/2016\/12\/948447195.jpg\" alt=\"Trakya ve \u0130stanbul \u00c7\u0131karmas\u0131\" style=\"width:100%;\" \/><\/p>\n<p><img decoding=\"async\" src=\"wp-content\/uploads\/2016\/12\/602068013.jpg\" alt=\"Trakya ve \u0130stanbul \u00c7\u0131karmas\u0131\" style=\"width:100%;\" \/><\/p>\n<p><img decoding=\"async\" src=\"wp-content\/uploads\/2016\/12\/900695250.jpg\" alt=\"Trakya ve \u0130stanbul \u00c7\u0131karmas\u0131\" style=\"width:100%;\" \/><\/p>\n<p><img decoding=\"async\" src=\"wp-content\/uploads\/2016\/12\/891974491.jpg\" alt=\"Trakya ve \u0130stanbul \u00c7\u0131karmas\u0131\" style=\"width:100%;\" \/><\/p>\n<p><img decoding=\"async\" src=\"wp-content\/uploads\/2016\/12\/792382912.jpg\" alt=\"Trakya ve \u0130stanbul \u00c7\u0131karmas\u0131\" style=\"width:100%;\" \/><\/p>\n","protected":false},"excerpt":{"rendered":"<p>Haksen Genel Ba\u015fkan\u0131 Ayhan \u00c7ivi beraberindeki heyetle Edirne, Tekirda\u011f, \u00c7orlu ve \u0130stanbul&#8217;da sendika \u00fcyelerimizle bir araya geldi<\/p>\n","protected":false},"author":1,"featured_media":3392,"comment_status":"closed","ping_status":"open","sticky":false,"template":"","format":"standard","meta":{"footnotes":""},"categories":[],"tags":[],"class_list":["post-3382","post","type-post","status-publish","format-standard","has-post-thumbnail"],"_links":{"self":[{"href":"https:\/\/haksen.org.tr\/index.php?rest_route=\/wp\/v2\/posts\/3382","targetHints":{"allow":["GET"]}}],"collection":[{"href":"https:\/\/haksen.org.tr\/index.php?rest_route=\/wp\/v2\/posts"}],"about":[{"href":"https:\/\/haksen.org.tr\/index.php?rest_route=\/wp\/v2\/types\/post"}],"author":[{"embeddable":true,"href":"https:\/\/haksen.org.tr\/index.php?rest_route=\/wp\/v2\/users\/1"}],"replies":[{"embeddable":true,"href":"https:\/\/haksen.org.tr\/index.php?rest_route=%2Fwp%2Fv2%2Fcomments&post=3382"}],"version-history":[{"count":0,"href":"https:\/\/haksen.org.tr\/index.php?rest_route=\/wp\/v2\/posts\/3382\/revisions"}],"wp:featuredmedia":[{"embeddable":true,"href":"https:\/\/haksen.org.tr\/index.php?rest_route=\/wp\/v2\/media\/3392"}],"wp:attachment":[{"href":"https:\/\/haksen.org.tr\/index.php?rest_route=%2Fwp%2Fv2%2Fmedia&parent=3382"}],"wp:term":[{"taxonomy":"category","embeddable":true,"href":"https:\/\/haksen.org.tr\/index.php?rest_route=%2Fwp%2Fv2%2Fcategories&post=3382"},{"taxonomy":"post_tag","embeddable":true,"href":"https:\/\/haksen.org.tr\/index.php?rest_route=%2Fwp%2Fv2%2Ftags&post=3382"}],"curies":[{"name":"wp","href":"https:\/\/api.w.org\/{rel}","templated":true}]}}