{"id":3379,"date":"2016-05-02T12:00:00","date_gmt":"2016-05-02T12:00:00","guid":{"rendered":"http:\/\/haksen.org.tr\/?p=3379"},"modified":"2016-05-02T12:00:00","modified_gmt":"2016-05-02T12:00:00","slug":"ankara-milletvekili-aylin-nazli-akanin-ziyareti","status":"publish","type":"post","link":"https:\/\/haksen.org.tr\/?p=3379","title":{"rendered":"Ankara Milletvekili Aylin Nazl\u0131 Aka&#8217;n\u0131n Ziyareti"},"content":{"rendered":"<p>Ziyarette, \u00e7al\u0131\u015fma ya\u015fam\u0131 ve kamu \u00e7al\u0131\u015fanlar\u0131n\u0131n sorunlar\u0131 hakk\u0131nda kar\u015f\u0131l\u0131kl\u0131 g\u00f6r\u00fc\u015f al\u0131\u015fveri\u015finde bulunuldu.<\/p>\n<p>Haksen Genel Ba\u015fkan\u0131 Ayhan \u00c7ivi, Ankara Milletvekili Aylin Nazl\u0131 Aka&#8217;n\u0131n ziyareti nedeniyle duydu\u011fu memnuniyeti dile getirdi.<\/p>\n<p>Ankara Milletvekili Aylin Nazl\u0131 Aka&#8217;da sendikam\u0131z\u0131n \u00e7al\u0131\u015fma ya\u015fam\u0131na ili\u015fkin \u00f6neri ve taleplerini TBMM&#8217;de g\u00fcndeme ta\u015f\u0131yaca\u011f\u0131n\u0131 belirtti.<\/p>\n<h2 style='margin:20px 0;'>\u0130\u00e7erik Galerisi<\/h2>\n<p><img decoding=\"async\" src=\"wp-content\/uploads\/2016\/12\/81476403.jpg\" alt=\"Ankara Milletvekili Aylin Nazl\u0131 Aka'n\u0131n Ziyareti\" style=\"width:100%;\" \/><\/p>\n","protected":false},"excerpt":{"rendered":"<p>Ankara Milletvekili Aylin Nazl\u0131 Aka , Haksen Genel Ba\u015fkan\u0131 Ayhan \u00c7ivi&#8217;yi genel merkezimizde ziyaret etti.<\/p>\n","protected":false},"author":1,"featured_media":3380,"comment_status":"closed","ping_status":"open","sticky":false,"template":"","format":"standard","meta":{"footnotes":""},"categories":[],"tags":[],"class_list":["post-3379","post","type-post","status-publish","format-standard","has-post-thumbnail"],"_links":{"self":[{"href":"https:\/\/haksen.org.tr\/index.php?rest_route=\/wp\/v2\/posts\/3379","targetHints":{"allow":["GET"]}}],"collection":[{"href":"https:\/\/haksen.org.tr\/index.php?rest_route=\/wp\/v2\/posts"}],"about":[{"href":"https:\/\/haksen.org.tr\/index.php?rest_route=\/wp\/v2\/types\/post"}],"author":[{"embeddable":true,"href":"https:\/\/haksen.org.tr\/index.php?rest_route=\/wp\/v2\/users\/1"}],"replies":[{"embeddable":true,"href":"https:\/\/haksen.org.tr\/index.php?rest_route=%2Fwp%2Fv2%2Fcomments&post=3379"}],"version-history":[{"count":0,"href":"https:\/\/haksen.org.tr\/index.php?rest_route=\/wp\/v2\/posts\/3379\/revisions"}],"wp:featuredmedia":[{"embeddable":true,"href":"https:\/\/haksen.org.tr\/index.php?rest_route=\/wp\/v2\/media\/3380"}],"wp:attachment":[{"href":"https:\/\/haksen.org.tr\/index.php?rest_route=%2Fwp%2Fv2%2Fmedia&parent=3379"}],"wp:term":[{"taxonomy":"category","embeddable":true,"href":"https:\/\/haksen.org.tr\/index.php?rest_route=%2Fwp%2Fv2%2Fcategories&post=3379"},{"taxonomy":"post_tag","embeddable":true,"href":"https:\/\/haksen.org.tr\/index.php?rest_route=%2Fwp%2Fv2%2Ftags&post=3379"}],"curies":[{"name":"wp","href":"https:\/\/api.w.org\/{rel}","templated":true}]}}