{"id":3365,"date":"2016-05-02T12:00:00","date_gmt":"2016-05-02T12:00:00","guid":{"rendered":"http:\/\/haksen.org.tr\/?p=3365"},"modified":"2016-05-02T12:00:00","modified_gmt":"2016-05-02T12:00:00","slug":"1-mayista-taksime-geri-geri-yuruduk","status":"publish","type":"post","link":"https:\/\/haksen.org.tr\/?p=3365","title":{"rendered":"1 May\u0131s&#8217;ta Taksim&#8217;e Geri Geri Y\u00fcr\u00fcd\u00fck"},"content":{"rendered":"<p>Haksen Genel Ba\u015fkan\u0131 Ayhan \u00c7ivi beraberindeki heyetle 1 May\u0131s Emek ve Dayan\u0131\u015fma G\u00fcn\u00fcn\u00fcn Taksim Meydan\u0131na geri geri y\u00fcr\u00fcyerek girdi.<\/p>\n<p>Taksim Atat\u00fcrk An\u0131t\u0131na \u00e7elenk b\u0131rakan \u00c7ivi, burada yapt\u0131\u011f\u0131 a\u00e7\u0131klamada;<br \/>\nEme\u011fiyle ge\u00e7inen herkesin Emek ve Dayan\u0131\u015fma G\u00fcn\u00fcn kutlad\u0131. \u00c7ivi, b\u00f6yle anlaml\u0131 bir g\u00fcnde memurlar\u0131n gerileyen haklar\u0131na dikkat \u00e7ekmek i\u00e7in Taksim&#8217;e geri geri y\u00fcr\u00fcyerek geldiklerini ve ayn\u0131 \u015fekilde gideceklerini s\u00f6yledi.<\/p>\n<p>&#8220;<a href=\"https:\/\/www.youtube.com\/watch?v=eLngwb_bdE4&#038;feature=youtu.be\">  HABER\u0130N\u0130 \u0130ZLEMEK \u0130\u00c7\u0130N TIKLAYINIZ<\/a>&#8220;<\/p>\n<h2 style='margin:20px 0;'>\u0130\u00e7erik Galerisi<\/h2>\n<p><img decoding=\"async\" src=\"wp-content\/uploads\/2016\/12\/334757828.jpg\" alt=\"1 May\u0131s'ta Taksim'e Geri Geri Y\u00fcr\u00fcd\u00fck\" style=\"width:100%;\" \/><\/p>\n<p><img decoding=\"async\" src=\"wp-content\/uploads\/2016\/12\/501536042.jpg\" alt=\"1 May\u0131s'ta Taksim'e Geri Geri Y\u00fcr\u00fcd\u00fck\" style=\"width:100%;\" \/><\/p>\n<p><img decoding=\"async\" src=\"wp-content\/uploads\/2016\/12\/8357047.jpg\" alt=\"1 May\u0131s'ta Taksim'e Geri Geri Y\u00fcr\u00fcd\u00fck\" style=\"width:100%;\" \/><\/p>\n<p><img decoding=\"async\" src=\"wp-content\/uploads\/2016\/12\/627192670.jpg\" alt=\"1 May\u0131s'ta Taksim'e Geri Geri Y\u00fcr\u00fcd\u00fck\" style=\"width:100%;\" \/><\/p>\n<p><img decoding=\"async\" src=\"wp-content\/uploads\/2016\/12\/969966588.jpg\" alt=\"1 May\u0131s'ta Taksim'e Geri Geri Y\u00fcr\u00fcd\u00fck\" style=\"width:100%;\" \/><\/p>\n<p><img decoding=\"async\" src=\"wp-content\/uploads\/2016\/12\/703824821.jpg\" alt=\"1 May\u0131s'ta Taksim'e Geri Geri Y\u00fcr\u00fcd\u00fck\" style=\"width:100%;\" \/><\/p>\n<p><img decoding=\"async\" src=\"wp-content\/uploads\/2016\/12\/908422994.jpg\" alt=\"1 May\u0131s'ta Taksim'e Geri Geri Y\u00fcr\u00fcd\u00fck\" style=\"width:100%;\" \/><\/p>\n<p><img decoding=\"async\" src=\"wp-content\/uploads\/2016\/12\/687415936.jpg\" alt=\"1 May\u0131s'ta Taksim'e Geri Geri Y\u00fcr\u00fcd\u00fck\" style=\"width:100%;\" \/><\/p>\n<p><img decoding=\"async\" src=\"wp-content\/uploads\/2016\/12\/470181035.jpg\" alt=\"1 May\u0131s'ta Taksim'e Geri Geri Y\u00fcr\u00fcd\u00fck\" style=\"width:100%;\" \/><\/p>\n<p><img decoding=\"async\" src=\"wp-content\/uploads\/2016\/12\/542223860.jpg\" alt=\"1 May\u0131s'ta Taksim'e Geri Geri Y\u00fcr\u00fcd\u00fck\" style=\"width:100%;\" \/><\/p>\n<p><img decoding=\"async\" src=\"wp-content\/uploads\/2016\/12\/651882390.jpg\" alt=\"1 May\u0131s'ta Taksim'e Geri Geri Y\u00fcr\u00fcd\u00fck\" style=\"width:100%;\" \/><\/p>\n<p><img decoding=\"async\" src=\"wp-content\/uploads\/2016\/12\/366048913.jpg\" alt=\"1 May\u0131s'ta Taksim'e Geri Geri Y\u00fcr\u00fcd\u00fck\" style=\"width:100%;\" \/><\/p>\n","protected":false},"excerpt":{"rendered":"<p>1 May\u0131s Emek ve Dayan\u0131\u015fma G\u00fcn\u00fcnde, Haksen heyeti  memurun haklar\u0131ndaki gerilemeyi protesto i\u00e7in  Taksim Meydan\u0131na geri geri girdi. y\u00fcr\u00fcyerek <\/p>\n","protected":false},"author":1,"featured_media":3375,"comment_status":"closed","ping_status":"open","sticky":false,"template":"","format":"standard","meta":{"footnotes":""},"categories":[],"tags":[],"class_list":["post-3365","post","type-post","status-publish","format-standard","has-post-thumbnail"],"_links":{"self":[{"href":"https:\/\/haksen.org.tr\/index.php?rest_route=\/wp\/v2\/posts\/3365","targetHints":{"allow":["GET"]}}],"collection":[{"href":"https:\/\/haksen.org.tr\/index.php?rest_route=\/wp\/v2\/posts"}],"about":[{"href":"https:\/\/haksen.org.tr\/index.php?rest_route=\/wp\/v2\/types\/post"}],"author":[{"embeddable":true,"href":"https:\/\/haksen.org.tr\/index.php?rest_route=\/wp\/v2\/users\/1"}],"replies":[{"embeddable":true,"href":"https:\/\/haksen.org.tr\/index.php?rest_route=%2Fwp%2Fv2%2Fcomments&post=3365"}],"version-history":[{"count":0,"href":"https:\/\/haksen.org.tr\/index.php?rest_route=\/wp\/v2\/posts\/3365\/revisions"}],"wp:featuredmedia":[{"embeddable":true,"href":"https:\/\/haksen.org.tr\/index.php?rest_route=\/wp\/v2\/media\/3375"}],"wp:attachment":[{"href":"https:\/\/haksen.org.tr\/index.php?rest_route=%2Fwp%2Fv2%2Fmedia&parent=3365"}],"wp:term":[{"taxonomy":"category","embeddable":true,"href":"https:\/\/haksen.org.tr\/index.php?rest_route=%2Fwp%2Fv2%2Fcategories&post=3365"},{"taxonomy":"post_tag","embeddable":true,"href":"https:\/\/haksen.org.tr\/index.php?rest_route=%2Fwp%2Fv2%2Ftags&post=3365"}],"curies":[{"name":"wp","href":"https:\/\/api.w.org\/{rel}","templated":true}]}}