{"id":3359,"date":"2016-04-08T12:00:00","date_gmt":"2016-04-08T12:00:00","guid":{"rendered":"http:\/\/haksen.org.tr\/?p=3359"},"modified":"2016-04-08T12:00:00","modified_gmt":"2016-04-08T12:00:00","slug":"mustesar-yrd-sn-yuksel-kocamani-ziyaret-","status":"publish","type":"post","link":"https:\/\/haksen.org.tr\/?p=3359","title":{"rendered":"M\u00fcste\u015far Yrd. Sn. Y\u00fcksel Kocaman&#8217;\u0131 ziyaret"},"content":{"rendered":"<p>\u00c7ivi, beraberinde B\u00fcro Hak-Sen Adalet \u015eubesi Y\u00f6netim Kurulu ile birlikte ger\u00e7ekle\u015ftirdi\u011fi ziyarette adliye \u00e7al\u0131\u015fanlar\u0131n\u0131n genel sorunlar\u0131n\u0131n yan\u0131nda;<\/p>\n<p>&#8211; Yard\u0131mc\u0131 Hizmetler S\u0131n\u0131f\u0131nda g\u00f6rev yapan M\u00fcba\u015firlerin Genel \u0130dare Hizmetleri s\u0131n\u0131f\u0131na ge\u00e7irilmesi,<\/p>\n<p>&#8211; Adliyelerde Adli Sicil M\u00fcd\u00fcrl\u00fcklerinde g\u00f6rev yapan personelin istekleri d\u0131\u015f\u0131nda adliyelerin di\u011fer birimlerinde g\u00f6revlendirilmelerinin \u00f6nlemesi,<\/p>\n<p>&#8211; Adli Sicil personelinin g\u00f6revde y\u00fckselme imkan\u0131n\u0131n geni\u015fletilebilmesi i\u00e7in Bakanl\u0131k merkez ve ta\u015fradaki durumlar\u0131na uygun bo\u015f kadrolara ba\u015fvuru hakk\u0131n\u0131n tan\u0131nmas\u0131,<\/p>\n<p>&#8211; Adli sicilde g\u00f6revli personele UYAP ve DYS kullan\u0131m e\u011fitiminin verilmesi,<\/p>\n<p>-Adalet Bakanl\u0131\u011f\u0131nda 657 say\u0131l\u0131 Yasan\u0131n 4\/C maddesine g\u00f6re \u00e7al\u0131\u015fan personele Adalet Kart\u0131 verilmesi,<\/p>\n<p>-\u015eof\u00f6r unvan\u0131ndaki personele idari hizmetler s\u0131n\u0131f\u0131ndaki \u00fcst unvanlara y\u00fckselme imkan\u0131n\u0131n verilmesi,<\/p>\n<p>-B\u00fcy\u00fck \u015fehirlerde kullan\u0131lan serbest ula\u015f\u0131m kart\u0131na personelin ikametgah\u0131na g\u00f6re \u00fccret y\u00fcklenmesi,<\/p>\n<p>konular\u0131nda da taleplerimizi iletti.<\/p>\n","protected":false},"excerpt":{"rendered":"<p>Haksen Genel Ba\u015fkan\u0131 Ayhan \u00c7ivi, Adalet Bakanl\u0131\u011f\u0131 M\u00fcste\u015far Yard\u0131mc\u0131s\u0131 say\u0131n Y\u00fcksel Kocaman&#8217;\u0131 makam\u0131nda ziyaret etti.<\/p>\n","protected":false},"author":1,"featured_media":3360,"comment_status":"closed","ping_status":"open","sticky":false,"template":"","format":"standard","meta":{"footnotes":""},"categories":[],"tags":[],"class_list":["post-3359","post","type-post","status-publish","format-standard","has-post-thumbnail"],"_links":{"self":[{"href":"https:\/\/haksen.org.tr\/index.php?rest_route=\/wp\/v2\/posts\/3359","targetHints":{"allow":["GET"]}}],"collection":[{"href":"https:\/\/haksen.org.tr\/index.php?rest_route=\/wp\/v2\/posts"}],"about":[{"href":"https:\/\/haksen.org.tr\/index.php?rest_route=\/wp\/v2\/types\/post"}],"author":[{"embeddable":true,"href":"https:\/\/haksen.org.tr\/index.php?rest_route=\/wp\/v2\/users\/1"}],"replies":[{"embeddable":true,"href":"https:\/\/haksen.org.tr\/index.php?rest_route=%2Fwp%2Fv2%2Fcomments&post=3359"}],"version-history":[{"count":0,"href":"https:\/\/haksen.org.tr\/index.php?rest_route=\/wp\/v2\/posts\/3359\/revisions"}],"wp:featuredmedia":[{"embeddable":true,"href":"https:\/\/haksen.org.tr\/index.php?rest_route=\/wp\/v2\/media\/3360"}],"wp:attachment":[{"href":"https:\/\/haksen.org.tr\/index.php?rest_route=%2Fwp%2Fv2%2Fmedia&parent=3359"}],"wp:term":[{"taxonomy":"category","embeddable":true,"href":"https:\/\/haksen.org.tr\/index.php?rest_route=%2Fwp%2Fv2%2Fcategories&post=3359"},{"taxonomy":"post_tag","embeddable":true,"href":"https:\/\/haksen.org.tr\/index.php?rest_route=%2Fwp%2Fv2%2Ftags&post=3359"}],"curies":[{"name":"wp","href":"https:\/\/api.w.org\/{rel}","templated":true}]}}