{"id":3357,"date":"2016-04-01T12:00:00","date_gmt":"2016-04-01T12:00:00","guid":{"rendered":"http:\/\/haksen.org.tr\/?p=3357"},"modified":"2016-04-01T12:00:00","modified_gmt":"2016-04-01T12:00:00","slug":"uyelerimize-ozel-iiibahar-gezisi","status":"publish","type":"post","link":"https:\/\/haksen.org.tr\/?p=3357","title":{"rendered":"\u00dcyelerimize \u00d6zel III.Bahar Gezisi"},"content":{"rendered":"<p>\u00dcyelerimizin \u00e7al\u0131\u015fma ortam\u0131ndan uzakta, sa\u011fl\u0131kl\u0131 bir ortamda dinlenebilmesi i\u00e7in konfederasyonumuz taraf\u0131ndan t\u00fcm \u00fcyelerimizin kat\u0131labilece\u011fi III.Bahar Gezisi d\u00fczenlenecektir.<\/p>\n<p>Gezi program\u0131 , titiz bir ara\u015ft\u0131rman\u0131n ard\u0131ndan normal \u00fccretinin alt\u0131nda bir maliyetle d\u00fczenlenmi\u015ftir.<\/p>\n<p>Gezi program\u0131na ili\u015fkin detayl\u0131 bilgiler ekteki duyurumuzda bulunmaktad\u0131r.<\/p>\n","protected":false},"excerpt":{"rendered":"<p>Konfederasyonumuza ba\u011fl\u0131 sendikalar\u0131m\u0131z\u0131n \u00fcyelerine \u00f6zel III.Bahar Gezisi duyurumuz yay\u0131nlanm\u0131\u015ft\u0131r.<\/p>\n","protected":false},"author":1,"featured_media":3358,"comment_status":"closed","ping_status":"open","sticky":false,"template":"","format":"standard","meta":{"footnotes":""},"categories":[],"tags":[],"class_list":["post-3357","post","type-post","status-publish","format-standard","has-post-thumbnail"],"_links":{"self":[{"href":"https:\/\/haksen.org.tr\/index.php?rest_route=\/wp\/v2\/posts\/3357","targetHints":{"allow":["GET"]}}],"collection":[{"href":"https:\/\/haksen.org.tr\/index.php?rest_route=\/wp\/v2\/posts"}],"about":[{"href":"https:\/\/haksen.org.tr\/index.php?rest_route=\/wp\/v2\/types\/post"}],"author":[{"embeddable":true,"href":"https:\/\/haksen.org.tr\/index.php?rest_route=\/wp\/v2\/users\/1"}],"replies":[{"embeddable":true,"href":"https:\/\/haksen.org.tr\/index.php?rest_route=%2Fwp%2Fv2%2Fcomments&post=3357"}],"version-history":[{"count":0,"href":"https:\/\/haksen.org.tr\/index.php?rest_route=\/wp\/v2\/posts\/3357\/revisions"}],"wp:featuredmedia":[{"embeddable":true,"href":"https:\/\/haksen.org.tr\/index.php?rest_route=\/wp\/v2\/media\/3358"}],"wp:attachment":[{"href":"https:\/\/haksen.org.tr\/index.php?rest_route=%2Fwp%2Fv2%2Fmedia&parent=3357"}],"wp:term":[{"taxonomy":"category","embeddable":true,"href":"https:\/\/haksen.org.tr\/index.php?rest_route=%2Fwp%2Fv2%2Fcategories&post=3357"},{"taxonomy":"post_tag","embeddable":true,"href":"https:\/\/haksen.org.tr\/index.php?rest_route=%2Fwp%2Fv2%2Ftags&post=3357"}],"curies":[{"name":"wp","href":"https:\/\/api.w.org\/{rel}","templated":true}]}}