{"id":3355,"date":"2016-03-31T12:00:00","date_gmt":"2016-03-31T12:00:00","guid":{"rendered":"http:\/\/haksen.org.tr\/?p=3355"},"modified":"2016-03-31T12:00:00","modified_gmt":"2016-03-31T12:00:00","slug":"civi-personel-rejiminde-eksen-kayiyor","status":"publish","type":"post","link":"https:\/\/haksen.org.tr\/?p=3355","title":{"rendered":"\u00c7ivi: Personel Rejiminde Eksen Kay\u0131yor"},"content":{"rendered":"<p>&#8220;<a href=\"https:\/\/www.youtube.com\/watch?v=hGmD5OAxtMc\">  PROGRAMI  \u0130ZLEMEK \u0130\u00c7\u0130N TIKLAYINIZ<\/a>&#8221;<\/p>\n<p>Programda, ta\u015feronlar\u0131n \u00f6zel s\u00f6zle\u015fmeli personel olarak kamuda istihdam\u0131n\u0131n Kamu Personel Rejiminde eksen kaymas\u0131 anlam\u0131na geldi\u011fini vurgulayan \u00c7ivi, \u00f6nemli tespitlerde bulundu.<\/p>\n<p>Emre SAKLICA: Evet g\u00fcncele kald\u0131\u011f\u0131m\u0131z yerden devam ediyoruz. Program\u0131n bu b\u00f6l\u00fcm\u00fcnde kamu emek\u00e7ilerinin sorunlar\u0131n\u0131 konu\u015faca\u011f\u0131z, Haksen Genel Ba\u015fkan\u0131 Ayhan \u00c7\u0130V\u0130 ile ho\u015f geldiniz.<\/p>\n<p>Haksen Genel Ba\u015fkan\u0131 Ayhan \u00c7\u0130V\u0130:  Ho\u015f bulduk Emre Bey.<\/p>\n<p>Emre SAKLICA: Evet ta\u015feron i\u015f\u00e7ilerin kadroya al\u0131nmas\u0131 ile ilgili bir \u00e7al\u0131\u015fma s\u00f6z konusu Ge\u00e7ti\u011fimiz hafta Ba\u015fbakan Say\u0131n Ahmet DAVUTO\u011eLU partisinin grup toplant\u0131s\u0131nda bunu a\u00e7\u0131klad\u0131 sonras\u0131nda Maliye Bakan\u0131 Naci A\u011eBAL konu\u015ftu. Tabi ortaya nas\u0131l bir yap\u0131 \u00e7\u0131kt\u0131 \u015fimdi ne oldu onu biraz konu\u015faca\u011f\u0131z. Neler diyorsunuz sizce nas\u0131l bu bekledi\u011finiz paket mi?<br \/>\nHaksen Genel Ba\u015fkan\u0131 Ayhan \u00c7\u0130V\u0130: Bizim i\u00e7in de do\u011frusu \u00e7ok s\u00fcrpriz oldu. Say\u0131n Ba\u015fbakan grup toplant\u0131s\u0131nda a\u00e7\u0131klamada t\u00fcm ta\u015feronlar\u0131n asli hizmette ve yard\u0131mc\u0131 hizmet yap\u0131p yapmad\u0131\u011f\u0131na bak\u0131lmaks\u0131z\u0131n kadroya al\u0131nacaklar\u0131 \u015feklinde bir a\u00e7\u0131klama yapm\u0131\u015ft\u0131. Ancak daha sonra Maliye Bakan\u0131 ve \u00c7al\u0131\u015fma Bakan\u0131n\u0131n yapt\u0131\u011f\u0131 a\u00e7\u0131klamalarda durumun biraz daha farkl\u0131 oldu\u011funu g\u00f6rd\u00fck. Bu a\u00e7\u0131klamalardan kamu personeli rejiminde ta\u015feronlarla birlikte bir eksen kaymas\u0131 oldu\u011funu  g\u00f6r\u00fcyoruz. Zira, ta\u015feronlar\u0131n mevcut \u00fccretlerinde herhangi bir de\u011fi\u015fiklik olmadan 3 y\u0131l s\u00fcreyle \u00f6zel s\u00f6zle\u015fmeli stat\u00fcde istihdam edilecekleri belirtildi.<\/p>\n<p>Emre SAKLICA :  Yani ne anlama geliyor bu ?<\/p>\n<p>Haksen Genel Ba\u015fkan\u0131 Ayhan \u00c7\u0130V\u0130: Kamu personel rejiminde ilk defa bu terimle kar\u015f\u0131 kar\u015f\u0131ya kal\u0131yoruz. S\u00f6zle\u015fmeli , 4\/C\u2019li ge\u00e7ici personel, kadrolu memur ve kadrolu i\u015f\u00e7i vard\u0131 ancak \u00f6zel s\u00f6zle\u015fmeli stat\u00fc ilk defa zikrediliyor. Do\u011frusu biz bunun i\u00e7erik olarak da gerek anayasam\u0131z\u0131n gerek 657  hangi maddesine dayan\u0131larak b\u00f6yle bir stat\u00fc in\u015fa edilece\u011fini merakla bekliyoruz.<\/p>\n<p>Emre SAKLICA: Evet asl\u0131nda bekledi\u011finiz daha radikal bir bi\u00e7imde ta\u015feronun kadroya al\u0131nmas\u0131yd\u0131 de\u011fil mi bu s\u00fcrede ?<\/p>\n<p>Haksen Genel Ba\u015fkan\u0131 Ayhan \u00c7\u0130V\u0130: Daha \u00f6nceki yap\u0131lan a\u00e7\u0131klamalar, asli i\u015f yapanlar\u0131n kadrolu i\u015f\u00e7i olarak istihdam edileceklerine ili\u015fkindi. Memuriyete ge\u00e7irilmeleri ile ilgili herhangi bir a\u00e7\u0131klama yap\u0131lmam\u0131\u015ft\u0131. Ancak g\u00f6r\u00fcyoruz ki bu arkada\u015flar\u0131m\u0131z \u00f6zel memurlar olacaklar. \u00d6zel s\u00f6zle\u015fmeli memur olacaklar.<\/p>\n<p>Emre SAKLICA: Bu \u015fimdi yeni bir yap\u0131m\u0131 \u00e7\u0131kacak. Yani 4\/E gibi mesela. Belki harfi olmayacak ama b\u00f6yle bir \u015fey mi oluyor ne oluyor ?<\/p>\n<p>Haksen Genel Ba\u015fkan\u0131 Ayhan \u00c7\u0130V\u0130: Per\u015fembe&#8217;nin geli\u015fi \u00c7ar\u015famba&#8217;dan bellidir diye bir atas\u00f6z\u00fcm\u00fcz var. Bu yeni s\u00f6zle\u015fmeli \u00f6zel stat\u00fc  bundan sonraki personel istihdam\u0131n\u0131n da i\u015faretlerini veriyor. D\u00fc\u015f\u00fcn\u00fcn emniyetle askeri personelimizi \u00e7\u0131kard\u0131\u011f\u0131m\u0131zda yakla\u015f\u0131k 3 milyon civar\u0131nda kamu personeli var. 800 bin ta\u015feron i\u015f\u00e7isini de  \u00f6zel s\u00f6zle\u015fmeli s\u0131fat\u0131yla kamu g\u00f6revlisi yapt\u0131\u011f\u0131n\u0131zda nerdeyse 4 \u00e7al\u0131\u015fandan bir tanesi \u00f6zel s\u00f6zle\u015fmeli pozisyona geliyor. Demek ki bundan sonraki di\u011fer kamu \u00e7al\u0131\u015fanlar\u0131 i\u00e7inde b\u00f6yle  bir pozisyon \u00f6ng\u00f6r\u00fcl\u00fcyor. Bundan sonra muhtemelen gerek anayasa de\u011fi\u015fikli\u011finde gerekse ondan sonraki kamu personel reformunda bunun bir pilot uygulama olarak ben de\u011ferlendirildi\u011fini d\u00fc\u015f\u00fcn\u00fcyorum. Bu tamamen kendi deneyimime dayanarak \u00f6n sezilerime dayan\u0131larak ve kamu personel rejimindeki konumuna bakt\u0131\u011f\u0131m\u0131z zaman demek ki b\u00fct\u00fcn kamu personeli muhtemelen \u00f6zel s\u00f6zle\u015fmeli personel olarak istihdam edilebilir. Zira 3 y\u0131ll\u0131\u011f\u0131na bir s\u00f6zle\u015fme yap\u0131lacak. \u00dccretlerinde bir de\u011fi\u015fiklik olmayacak. Birde s\u0131nav \u00f6ng\u00f6r\u00fcl\u00fcyor. Tabi teknik detaylar hen\u00fcz ortaya \u00e7\u0131kmad\u0131 nacak ta\u015feronlar a\u00e7\u0131s\u0131ndan da bir hayal k\u0131r\u0131kl\u0131\u011f\u0131 diye d\u00fc\u015f\u00fcn\u00fcyorum. Asl\u0131nda bu ta\u015ferona kadro konusu karayollar\u0131ndaki ta\u015feron i\u015f\u00e7ilerinin a\u00e7t\u0131\u011f\u0131 davalar sonucu as\u0131l i\u015fverenin devlet oldu\u011funa Yarg\u0131tay&#8217;\u0131n da karar vermesiyle g\u00fcndeme geldi. Yani zaten ta\u015feronlar\u0131n as\u0131l i\u015fvereni Devlettir. Bunlar bir nevi kamu g\u00f6revlisi sayl\u0131yorlard\u0131 i\u015f\u00e7i stat\u00fcs\u00fcnde bu anlamda da onlar a\u00e7\u0131s\u0131ndan bize g\u00f6re yeni bir \u015fey yok. Birde burada tabi sendikal \u00f6rg\u00fctlenmeler anlam\u0131nda da bir netlik yok. \u015eu ana kadar ta\u015feron i\u015f\u00e7ilerin sendikal haklar\u0131 verildikten sonra i\u015f\u00e7i sendikalar\u0131m\u0131z \u00f6rg\u00fctlendi. Bu durumda memur sendikalar\u0131na y\u00f6nelecekler.<\/p>\n<p>Emre SAKLICA: Galiba \u00f6yle g\u00f6z\u00fck\u00fcyor.<\/p>\n<p>Haksen Genel Ba\u015fkan\u0131 Ayhan \u00c7\u0130V\u0130:  B\u00f6yle bir aktar\u0131m s\u00f6z konusu olacak bu da tabi \u00e7al\u0131\u015fma ya\u015fam\u0131nda belli dengeleri de\u011fi\u015ftirebilecek bir d\u00fczenleme sonu\u00e7 itibariyle. Gerek bizlerin gerek ta\u015feronlar\u0131n beklentilerinin d\u0131\u015f\u0131nda bir geli\u015fme diye d\u00fc\u015f\u00fcn\u00fcyorum.<\/p>\n<p>Emre SAKLICA: Peki burada \u015funu sormak istiyorum. A\u00e7\u0131lm\u0131\u015f \u00e7ok say\u0131da dava var. \u0130\u015fte asli i\u015fi yapt\u0131\u011f\u0131 i\u00e7in kadroya ge\u00e7mek iste\u011fini dile getirmi\u015f yasal yollarla hakk\u0131n\u0131 arayan ki\u015filer var. \u0130\u015fte se\u00e7im \u00f6ncesi karayollar\u0131ndaki ta\u015feron \u00e7al\u0131\u015fanlar kadro alm\u0131\u015ft\u0131 mesela bir hak kazand\u0131lar \u015fimdi ortada asl\u0131nda b\u00f6yle bir yap\u0131 varken i\u00e7tihat varken \u015fimdi o tamamen kalkacak m\u0131 art\u0131k yarg\u0131 yolu kapanacak m\u0131 ? Mesela ta\u015feron \u00e7al\u0131\u015fanlar i\u00e7in \u00e7\u00fcnk\u00fc farkl\u0131 stat\u00fc gibi bir \u015fey \u00e7\u0131k\u0131yor ortaya bu konuda da tart\u0131\u015fma \u00e7ok.<\/p>\n<p>Haksen Genel Ba\u015fkan\u0131 Ayhan \u00c7\u0130V\u0130:  Bu d\u00fczenlemenin alt yap\u0131s\u0131 olu\u015fturulurken bu konular\u0131n da ciddi bir bi\u00e7imde g\u00f6z \u00f6n\u00fcne al\u0131nd\u0131\u011f\u0131n\u0131 d\u00fc\u015f\u00fcn\u00fcyorum. S\u00f6yledi\u011finiz gibi stat\u00fclerde de\u011fi\u015fti\u011fi gibi muhtemelen yarg\u0131 yolunu da kapanacak ta\u015feronlara. Bu anlamda yeni d\u00fczenleme baz\u0131 hukuki itiraflara da gebe olacak. Bizde bunlar\u0131 de\u011ferlendirece\u011fiz. Olmas\u0131 gereken ta\u015feron i\u015f\u00e7ilerimizin i\u015f\u00e7i kadrolar\u0131nda de\u011ferlendirmeleri gerekirdi. Di\u011fer taraftan \u015f\u00f6yle bir durum da var. Kamuda \u015fu anda 25 bine yak\u0131n 4\/C \u2018li personel  var. Bu personelin b\u00fcy\u00fck bir k\u0131sm\u0131 daha \u00f6nce kadrolu kamu i\u015f\u00e7isiyken ge\u00e7ici personel stat\u00fcs\u00fcne d\u00f6n\u00fc\u015ft\u00fcrd\u00fcler kamu kurumlar\u0131na nakledildiler. T\u00fcrkiye istatistik kurumunda 40 y\u0131ld\u0131r ge\u00e7ici stat\u00fcde asli i\u015fi yapan \u00e7al\u0131\u015fanlar var. Onlar a\u00e7\u0131s\u0131ndan da yeni bir itilaf s\u00f6z konusu olacak diye d\u00fc\u015f\u00fcn\u00fcyorum. Bu d\u00fczenleme ile beraber asl\u0131nda t\u00fcm 4\/C L\u0130 personelin de ge\u00e7ici personel stat\u00fcs\u00fcnden \u00e7\u0131kar\u0131larak kadroya nakledilmeleri gerekiyor.<\/p>\n<p>Emre SAKLICA: Evet izleyicilerimizden tabi \u00e7ok sorular geliyor. Sosyal haklard\u0131 lojman hakk\u0131yd\u0131  benzer haklar ne olacak ?<\/p>\n<p>Haksen Genel Ba\u015fkan\u0131 Ayhan \u00c7\u0130V\u0130:Halen s\u00f6zle\u015fmeli personel istihdam\u0131n\u0131 d\u00fczenleyen 1978 y\u0131l\u0131nda \u00e7\u0131kar\u0131lm\u0131\u015f bakanlar kurulu karar\u0131 var. O bakanlar kurulu karar\u0131yla s\u00f6zle\u015fmeli personelin mali ve sosyal haklar\u0131 belirleniyor. Orda da Devlet memurlar\u0131n\u0131n mali ve sosyal haklar\u0131yla paralel d\u00fczenlemeler var. Muhtemelen de bu yeni \u00f6ng\u00f6r\u00fclen \u00f6zel s\u00f6zle\u015fmeli stat\u00fcde benzer durumu i\u00e7erek. Tabi s\u00f6zle\u015fmeli personellerin muhtemelen mali ve sosyal bu anlamdaki haklar\u0131ndan onlar\u0131nda yararlanmas\u0131 gerekiyor. Ancak tabi bu sadece bizim mevcut yasal d\u00fczenlemeler kapsam\u0131ndaki de\u011ferlendirmelerimiz. Bazen de bir bak\u0131yorsunuz ki ger\u00e7ekten de hukuka ve yasalara \u00e7okta uygun olmayan d\u00fczenlemeler de yap\u0131labiliyor. Burada tabi \u00f6nemli olan nokta yasal d\u00fczenleme ile bu yap\u0131lacak dolay\u0131s\u0131yla da bunun i\u00e7inin doldurulmas\u0131 gerekiyor. Yani bir bakanlar kurulu karar\u0131 ile olacak bir durum g\u00f6z\u00fckm\u00fcyor.<\/p>\n<p>Emre SAKLICA: Evet yani burada \u015fu da tart\u0131\u015f\u0131labilir asl\u0131nda. \u015eimdi  kamu emek\u00e7ileri konfederasyonlar\u0131 diyordu ki &#8220;ta\u015feron i\u015f\u00e7i kadroya al\u0131nmal\u0131 as\u0131l i\u015f yard\u0131mc\u0131 i\u015f\u00e7i diye bir kavram olmaz&#8221;. Hepsi as\u0131l i\u015ftir gibi bir beklenti i\u00e7erisindeydiniz. B\u00f6yle bir paketin \u00e7\u0131kaca\u011f\u0131 KPDK da s\u00f6zle\u015fme masas\u0131nda veya memur haklar\u0131n\u0131n tart\u0131\u015f\u0131ld\u0131\u011f\u0131 platformlarda kar\u015f\u0131n\u0131za \u00e7\u0131kt\u0131m\u0131 ? yani bu bir birden mi \u00e7\u0131kt\u0131 ?<\/p>\n<p>Haksen Genel Ba\u015fkan\u0131 Ayhan \u00c7\u0130V\u0130: Birden \u00e7\u0131kt\u0131. Say\u0131n Ba\u015fbakan\u0131n Grup toplant\u0131s\u0131ndaki a\u00e7\u0131klamas\u0131yla beraber g\u00fcndeme geldi. <\/p>\n<p>Emre SAKLICA: Hatta sevindiniz. Ta\u015feronlar kadroya al\u0131n\u0131yor diye.<br \/>\nHaksen Genel Ba\u015fkan\u0131 Ayhan \u00c7\u0130V\u0130: Evet en az\u0131ndan  hatta biz biraz da sitemkar da davrand\u0131k. Neden 4\/Cliler bu kadro d\u00fczenlemesinin i\u00e7erisinde yok diye . Ta\u015feron konusu kamu g\u00f6revli sendikalar\u0131n\u0131n yetki alanlar\u0131n\u0131n d\u0131\u015f\u0131nda bir konu.  Kamuda \u00f6rg\u00fctl\u00fc i\u015f\u00e7i sendikalar\u0131m\u0131z\u0131n \u00fcyesiydi bu arkada\u015flar\u0131m\u0131z dolay\u0131s\u0131yla orda neler konu\u015fuldu onlar\u0131 bilmiyoruz. Sosyal taraflarla bir irtibat kuruldu mu onlar\u0131n bu konudaki d\u00fc\u015f\u00fcnceleri al\u0131nd\u0131 m\u0131 g\u00f6rd\u00fc\u011f\u00fcm kadar\u0131yla i\u015f\u00e7i sendikalar\u0131m\u0131zda bu durumdan mutlu de\u011filler.<\/p>\n<p>Emre SAKLICA: Peki \u015fu da tart\u0131\u015f\u0131l\u0131yor as\u0131l i\u015f yapanlar\u0131n ta\u015feron olarak kadroya al\u0131nmas\u0131n\u0131n devlete \u00e7ok b\u00fcy\u00fck maliyet getirece\u011fi ve bu y\u00fczden  bu yolun se\u00e7ildi\u011fi belirtiliyor. Sizce \u00e7ok b\u00fcy\u00fck maliyet getirecek mi Devlete?<\/p>\n<p>Haksen Genel Ba\u015fkan\u0131 Ayhan \u00c7\u0130V\u0130: Burada \u015f\u00f6yle bir durum var. Zaten say\u0131n Maliye Bakan\u0131n\u0131n a\u00e7\u0131klamalar\u0131na bakt\u0131\u011f\u0131m\u0131z zaman mevcut \u00fccretleriyle kamuda istihdam edilecekler. Hatta burada nispeten belki de kamu maliyesinin  tasarrufu da olacak. Zira ta\u015feronlara da belli d\u00fczeyde komisyon \u00f6deniyordu. Ta\u015ferona verilen paran\u0131n tamam\u0131 \u00e7al\u0131\u015fanlara \u00f6denmiyordu. Bir k\u0131sm\u0131 da onlarda kal\u0131yordu. Bu anlamda Devlete bir y\u00fck getirmeyecek . Sordu\u011funuz soruya gelince. Muhtemelen kadrolu kamu i\u015f\u00e7isi olduklar\u0131nda normal di\u011fer kamu i\u015f\u00e7ilerimiz gibi toplu s\u00f6zle\u015fme hakk\u0131ndan yararlanacaklard\u0131. Daha \u00f6nceki a\u00e7\u0131klamalarda da asl\u0131nda h\u00fck\u00fcmet kanad\u0131nda bunlar\u0131n normal i\u015f\u00e7iler gibi asli g\u00f6rev yapan i\u015f\u00e7iler gibi bir \u00fccret alacaklar \u015feklindeydi. Tabi b\u00f6yle bir \u015fey de ortaya \u00e7\u0131kmad\u0131. Tabi ki emre bey sonu\u00e7 itibariyle b\u00fct\u00fcn personel d\u00fczenlemelerinin esas nedeni mali haklar sosyal haklara ili\u015fkindir. Yani olaya ekonomik bak\u0131l\u0131yor. Bu uygulama maliyet a\u00e7\u0131s\u0131ndan Devlete ek bir y\u00fck getirmiyor. Bir nevide tabi verilen s\u00f6zlerinde tutulabilece\u011fi bir d\u00fc\u015f\u00fcnce var. Ancak tabi bu bir beklentileri de do\u011frusu kar\u015f\u0131lamad\u0131. Tabi teknik boyutuyla \u00f6n\u00fcm\u00fcze geldi\u011finde mutlaka daha detayl\u0131 incelememiz daha farkl\u0131  d\u00fc\u015f\u00fcncelerimizi de payla\u015fma imkan\u0131m\u0131z olur.<\/p>\n<p>Emre SAKLICA: \u015eimdi burada nas\u0131l reaksiyon vereceksiniz. Yani kamu emek\u00e7ileri olarak HAKSEN olarak siz ne diyeceksiniz. Yani bir eylem mi planl\u0131yorsunuz. Yoksa bas\u0131n a\u00e7\u0131klamalar\u0131yla m\u0131 tepki yapacaks\u0131n\u0131z ? Ya da  oturumlara meclis de g\u00f6r\u00fc\u015fmeler s\u0131ras\u0131nda kat\u0131lacak m\u0131s\u0131n\u0131z ?<\/p>\n<p>Haksen Genel Ba\u015fkan\u0131 Ayhan \u00c7\u0130V\u0130: Tabi \u00f6ncelikle bunu yapmam\u0131z gerekiyor. Yani oradaki yasa yap\u0131c\u0131lara kendi g\u00f6r\u00fc\u015flerimizi kayg\u0131lar\u0131m\u0131z\u0131 \u00e7ekincelerimizi mutlak suretle zaten iletece\u011fiz. Ayr\u0131ca y\u0131llard\u0131r y\u0131lan hikayesine d\u00f6nen ve s\u00fcrekli \u00e7al\u0131\u015fma yap\u0131ld\u0131\u011f\u0131 zikredilen 4\/C konusunun da bu d\u00fczenleme ile beraber \u00e7\u00f6z\u00fclmesi gerekti\u011fini d\u00fc\u015f\u00fcn\u00fcyoruz. Ger\u00e7ekten de biraz \u00f6nce s\u00f6yledi\u011fim gibi kadrolu kamu i\u015f\u00e7isi iken devletin asli g\u00f6revlerini kamu kurumlar\u0131nda yerine getiren 4\/C&#8217;li personelin de bu d\u00fczenleme kapsam\u0131nda kadroya al\u0131nmas\u0131 gerekiyor. Bu konuda da bizim \u0131srarl\u0131 \u00e7al\u0131\u015fmalar\u0131m\u0131z olacak. \u015eu anda \u00e7al\u0131\u015fma yap\u0131l\u0131yor devam ediliyor deniyor. Biliyorsunuz 22 A\u011fustos 2015&#8217;de Resmi Gazetede toplu s\u00f6zle\u015fme mutabakat metni yay\u0131mland\u0131. Orada da \u00e7al\u0131\u015fma yap\u0131laca\u011f\u0131 s\u00f6yleniyordu. Daha sonra 30 Kas\u0131mda 2015&#8217;de KPDK\u2019da ayn\u0131 \u015fekilde dilek ve temennilerde bulunuldu. En son yap\u0131lan KPDK\u2019da  ayn\u0131 durum \u00f6n\u00fcm\u00fcze geldi. Halen \u00e7al\u0131\u015fma yap\u0131l\u0131yor deniliyor. Bu kadar zor bir \u00e7al\u0131\u015fma m\u0131 ? do\u011frusu bizde merak ediyoruz.<\/p>\n<p>Emre SAKLICA: Tabi 4\/C ile ilgili asl\u0131nda bu sadece bug\u00fcn\u00fcn mevzusu de\u011fil. Biz sizinle y\u0131llard\u0131r konu\u015fuyoruz.4\/C sorunu nas\u0131l d\u00fczeltilecek art\u0131k kadroya al\u0131nmal\u0131. Tabi bu s\u00fcre\u00e7te memurlarla ilgili baz\u0131 d\u00fczenlemelerde g\u00fcndeme geliyor. Bir tarafta torba d\u00fczenlemeler i\u015fte yak\u0131n zamanda vard\u0131 bir tanesi. \u015eimdi orada b\u00fct\u00fcn kamu emek\u00e7ileri faydalan\u0131yor mu ? \u00d6rne\u011fin do\u011fum izni tart\u0131\u015fmas\u0131 mesela 4\/C bunlar\u0131 nas\u0131l etkiliyor. Nas\u0131l gidiyor onlarda s\u00fcre\u00e7.<\/p>\n<p>Ayhan \u00c7\u0130V\u0130: \u00c7al\u0131\u015fan han\u0131mlar\u0131n annelik g\u00f6revlerinin daha sa\u011fl\u0131kl\u0131 bir \u015fekilde yerine getirmesi yar\u0131 zamanl\u0131 \u00e7al\u0131\u015fma hakk\u0131 verildi. Bu b\u00fct\u00fcn \u00e7al\u0131\u015fanlar\u0131, \u00f6zel sekt\u00f6r ve Devlet \u00e7al\u0131\u015fanlar\u0131n\u0131 ilgilendiren bir d\u00fczenleme idi. Ancak bu konuda 4\/C&#8217;lilerle ilgili her zaman oldu\u011fu gibi belirsizlik var. Biz bu konuda Devlet Personel Ba\u015fkanl\u0131\u011f\u0131na ba\u015fvuru yapt\u0131k. Hen\u00fcz daha bize bir geri bildirim olmad\u0131. Biz onlar\u0131nda mutlaka bu bundan yararlanmas\u0131 gerekti\u011fini d\u00fc\u015f\u00fcn\u00fcyoruz. \u00dccretsiz izin hakk\u0131 da dahil. Zira annelik g\u00f6revi stat\u00fc farkl\u0131l\u0131\u011f\u0131 g\u00f6zetmeksizin yerine getirilmesi gereken bir g\u00f6rev. Yani bir 4\/C&#8217;li bir  han\u0131m arkada\u015f\u0131m\u0131z do\u011fum yapt\u0131\u011f\u0131nda anne olmuyor mu? Onun \u00e7ocu\u011funun annenin ilgisine \u015fefkatine bak\u0131m\u0131na ihtiyac\u0131 yok mu ? B\u00f6yle bir \u015fey olabilir mi ? O zaman \u00e7ocuklar aras\u0131nda da bir ayr\u0131mc\u0131l\u0131k g\u00fcndeme gelecek. Dolay\u0131s\u0131yla biz gelen yan\u0131ta g\u00f6re elbette ki gerekli hukuki ba\u015fvuruyu yapaca\u011f\u0131z. \u015eimdi burada Emre bey asl\u0131nda toplu s\u00f6zle\u015fme g\u00f6r\u00fc\u015fmelerinde kamu \u00e7al\u0131\u015fanlar\u0131n\u0131n mali ve sosyal haklar\u0131  belirleniyor. Bu kanun h\u00fckm\u00fcnde. \u015eimdi bir servis konusu var. Kamu \u00e7al\u0131\u015fanlar\u0131na servis verilmesi. Bak\u0131yoruz hi\u00e7bir kurumda ilerleme sa\u011flanamad\u0131. \u00d6zellikle b\u00fcy\u00fck\u015fehirde \u00e7al\u0131\u015fan \u00f6rne\u011fin \u0130\u00e7i\u015fleri Bakanl\u0131\u011f\u0131 N\u00fcfus \u0130darelerinde, Maliye Bakanl\u0131\u011f\u0131nda \u00e7al\u0131\u015fan personelin hi\u00e7bir servis imkan\u0131 yok. Halbuki toplu ta\u015f\u0131ma ara\u00e7lar\u0131 var. \u00c7ok rahat kamu kurumlar\u0131 toplu ta\u015f\u0131ma ara\u00e7lar\u0131yla Belediyelerle bu konuda gerekli anla\u015fmalar\u0131 yap\u0131p en az\u0131ndan bu noktada yararlanmalar\u0131 sa\u011flanabilir. Di\u011fer sosyal imkanlar noktas\u0131nda kurumlar\u0131n kendi tesisleri var. Bu konuda baz\u0131 kurumlar daha duyarl\u0131. \u0130\u015fte Adalet Bakanl\u0131\u011f\u0131, N\u00fcfus \u00e7al\u0131\u015fanlar\u0131 yine hi\u00e7bir sosyal imkanlar\u0131 yok arkada\u015flar\u0131m\u0131z\u0131n. En az\u0131ndan normal mesai d\u0131\u015f\u0131nda ailesiyle gidip bir yemek yiyebilece\u011fi dinlenebilece\u011fi bir tesis yok. Bunlar\u0131n da asl\u0131nda ciddi bir bi\u00e7imde ele al\u0131nmas\u0131 gerekiyor. Yani sadece mali haklar de\u011fil sosyal haklar\u0131nda bu anlamda yerine getirilmesi gerekiyor.<\/p>\n<p>Emre SAKLICA: Yani olay sadece i\u015fte mali bir maa\u015f fark\u0131 ayn\u0131 yerde \u00e7al\u0131\u015fan iki ki\u015fi aras\u0131ndaki maa\u015f fark\u0131 de\u011fil \u00e7ok fazla sosyal farkl\u0131l\u0131klarda var.<\/p>\n<p>Haksen Genel Ba\u015fkan\u0131 Ayhan \u00c7\u0130V\u0130: Elbette.<\/p>\n<p>Emre SAKLICA: Tek Tek \u00e7\u00f6z\u00fclmesi gerekiyor.<\/p>\n<p>Haksen Genel Ba\u015fkan\u0131 Ayhan \u00c7\u0130V\u0130: Bu y\u00fczden \u00e7al\u0131\u015fanlar kurum de\u011fi\u015ftirmek istiyor. Hepimiz Devletin memuruyuz. Ancak A kurumunda de\u011fil de B kurumunda \u00e7al\u0131\u015fmak istiyor. Bu neden?  B kurumundaki imk\u00e2nlar\u0131n daha fazla olmas\u0131ndan kaynaklan\u0131yor. Dolay\u0131s\u0131yla sosyal hizmet adaletinin de sa\u011flanmas\u0131 gerekiyor.<\/p>\n<p>Emre SAKLICA: Peki \u015funu da konu\u015fmam\u0131z laz\u0131m. \u00d6nemli bir \u015fey s\u00f6ylediniz. Dediniz ki ben bu \u00f6zel s\u00f6zle\u015fmeli personel stat\u00fcs\u00fcn\u00fcn  yeni bir kavram olarak ortaya \u00e7\u0131kard\u0131\u011f\u0131n\u0131 d\u00fc\u015f\u00fcn\u00fcyorum. Yani yar\u0131n \u00f6b\u00fcr g\u00fcn o 657 \u2018de planlanan de\u011fi\u015fikli\u011fin belki de varaca\u011f\u0131 veya onun bir a\u015famas\u0131 noktas\u0131 g\u00f6r\u00fcyorum gibi bir s\u00f6ylemde bulundunuz. Bunu biraz a\u00e7al\u0131m. Tabi 657\u2019deki de\u011fi\u015fiklikle ilgili ge\u00e7ti\u011fimiz hafta Mehmet \u015e\u0130M\u015eEK\u2019in a\u00e7\u0131klamas\u0131 vard\u0131. O da dedi ki bu konuda \u00e7ok hantal bir yap\u0131 var. Radikal de\u011fi\u015fiklikler planl\u0131yoruz \u00f6n\u00fcm\u00fczdeki s\u00fcre\u00e7te. Neler bekliyorsunuz ?<\/p>\n<p>Haksen Genel Ba\u015fkan\u0131 Ayhan \u00c7\u0130V\u0130: Bunun i\u015faretlerini ta\u015feronla ilgili d\u00fczenleme \u00e7ok a\u00e7\u0131k ve net g\u00f6r\u00fcyoruz. 800 bin ki\u015fi demek ki \u015f\u00f6yle bir durum var. Kamu hizmetleri hizmet al\u0131m\u0131 yoluyla yerine getirilemiyor. Kamu hizmetlerinin bir \u015fekilde kamu personeli arac\u0131l\u0131\u011f\u0131yla y\u00fcr\u00fct\u00fclmesi gerekiyor. Burada zay\u0131f \u00e7al\u0131\u015fma ili\u015fkisi planlan\u0131yor. Kamu g\u00f6revlilerinin verimsiz \u00e7al\u0131\u015ft\u0131\u011f\u0131, i\u015f g\u00fcvencesi oldu\u011fu i\u00e7in bu anlamda yeterince i\u015flerine sahip \u00e7\u0131km\u0131yorlar gibi daha ziyade memurlar\u0131 itham eden bir anlay\u0131\u015f var . \u015eimdi ben buradan Say\u0131n Bakan\u0131m\u0131za soruyorum 657 say\u0131l\u0131 yasa eksi\u011fine ra\u011fmen yamalar\u0131na ra\u011fmen \u00e7\u0131k\u0131\u015f itibariyle ger\u00e7ekten de kamu g\u00f6revlilerine kamu hizmetlerini sa\u011fl\u0131kl\u0131 bir \u015fekilde y\u00fcr\u00fctmesini sa\u011flayacak bir yasa. O zamanki yasa koyucu 1965 y\u0131l\u0131nda bunu ortaya koymu\u015f. Bu yasan\u0131n iki amac\u0131 var. Bir tanesi kamu hizmetlerinin adil, e\u015fit, tarafs\u0131z ve ba\u011f\u0131ms\u0131z bir \u015fekilde vatanda\u015fa sunulmas\u0131. Di\u011feri de  memurun muhannete muhta\u00e7 olmadan bu hizmeti bu g\u00f6revi yerine getirmesi. Yani \u00fccret a\u00e7\u0131s\u0131ndan da devlet memurlar\u0131 da bu anlamda o d\u00f6nem itibariyle bakt\u0131\u011f\u0131m\u0131zda g\u00f6zetilmi\u015f. Yani 60&#8217;l\u0131 y\u0131llarda 70&#8217;li 80&#8217;li y\u0131llarda bakt\u0131\u011f\u0131n\u0131z  zaman kamu g\u00f6revlilerinin \u00fccretleri nispeten di\u011fer \u00e7al\u0131\u015fanlara g\u00f6re daha iyiydi. Ancak \u015fu anki geldi\u011fimiz noktada sadece i\u015f g\u00fcvenceleri ile ilgili bu tasarruf de\u011fil. Mali ve sosyal haklar\u0131 ile ilgili de budaman\u0131n  s\u00f6z konusu olaca\u011f\u0131na i\u015faretleri bunlar. O zaman biz kamu g\u00f6revinin tan\u0131m\u0131n\u0131 yeniden yapmam\u0131z gerekiyor. San\u0131yorum bu d\u00fczenlemelerle o da yeniden yap\u0131lacak. \u015eimdi anayasan\u0131n 128.maddesi var. Kamu g\u00f6revlileri asli ve s\u00fcrekli memurlar arac\u0131l\u0131\u011f\u0131yla yap\u0131l\u0131r, diyor. O maddenin de\u011fi\u015fmesi gerekiyor. Muhtemelen de bu anayasa de\u011fi\u015fikli\u011fi \u00e7er\u00e7evesinde buda g\u00fcndeme gelecek. Dolay\u0131s\u0131yla da biz yeni bir kavramla kar\u015f\u0131 kar\u015f\u0131yay\u0131z.<\/p>\n<p>Emre SAKLICA: Yani memuru i\u015f\u00e7iyi biraz zor bir s\u00fcre\u00e7 bekliyor. Anla\u015f\u0131ld\u0131\u011f\u0131 kadar\u0131yla bu \u00f6n\u00fcm\u00fczdeki d\u00f6nemde \u00f6yle diyebilir miyiz ?<\/p>\n<p>Haksen Genel Ba\u015fkan\u0131 Ayhan \u00c7\u0130V\u0130: Tabi ki diyebiliriz. Bunun i\u015faretlerini de al\u0131yoruz muhtemelen ekim ay\u0131nda Meclis&#8217;in a\u00e7\u0131l\u0131\u015f\u0131ndan sonra bu konular ciddi bir bi\u00e7imde \u00f6n\u00fcm\u00fcze gelecek.<\/p>\n<p>Emre SAKLICA: Peki biz \u00e7ok te\u015fekk\u00fcr ediyoruz.<\/p>\n<p>Haksen Genel Ba\u015fkan\u0131 Ayhan \u00c7\u0130V\u0130: Ben Te\u015fekk\u00fcr ederim.<\/p>\n","protected":false},"excerpt":{"rendered":"<p>Haksen Genel Ba\u015fkan\u0131 Ayhan \u00c7ivi, Kanal B&#8217;de kat\u0131ld\u0131\u011f\u0131 &#8220;G\u00fcncel&#8221; program\u0131nda \u00e7al\u0131\u015fanlar\u0131n g\u00fcndemini de\u011ferlendirdi.<\/p>\n","protected":false},"author":1,"featured_media":3356,"comment_status":"closed","ping_status":"open","sticky":false,"template":"","format":"standard","meta":{"footnotes":""},"categories":[],"tags":[],"class_list":["post-3355","post","type-post","status-publish","format-standard","has-post-thumbnail"],"_links":{"self":[{"href":"https:\/\/haksen.org.tr\/index.php?rest_route=\/wp\/v2\/posts\/3355","targetHints":{"allow":["GET"]}}],"collection":[{"href":"https:\/\/haksen.org.tr\/index.php?rest_route=\/wp\/v2\/posts"}],"about":[{"href":"https:\/\/haksen.org.tr\/index.php?rest_route=\/wp\/v2\/types\/post"}],"author":[{"embeddable":true,"href":"https:\/\/haksen.org.tr\/index.php?rest_route=\/wp\/v2\/users\/1"}],"replies":[{"embeddable":true,"href":"https:\/\/haksen.org.tr\/index.php?rest_route=%2Fwp%2Fv2%2Fcomments&post=3355"}],"version-history":[{"count":0,"href":"https:\/\/haksen.org.tr\/index.php?rest_route=\/wp\/v2\/posts\/3355\/revisions"}],"wp:featuredmedia":[{"embeddable":true,"href":"https:\/\/haksen.org.tr\/index.php?rest_route=\/wp\/v2\/media\/3356"}],"wp:attachment":[{"href":"https:\/\/haksen.org.tr\/index.php?rest_route=%2Fwp%2Fv2%2Fmedia&parent=3355"}],"wp:term":[{"taxonomy":"category","embeddable":true,"href":"https:\/\/haksen.org.tr\/index.php?rest_route=%2Fwp%2Fv2%2Fcategories&post=3355"},{"taxonomy":"post_tag","embeddable":true,"href":"https:\/\/haksen.org.tr\/index.php?rest_route=%2Fwp%2Fv2%2Ftags&post=3355"}],"curies":[{"name":"wp","href":"https:\/\/api.w.org\/{rel}","templated":true}]}}