{"id":3353,"date":"2016-03-23T12:00:00","date_gmt":"2016-03-23T12:00:00","guid":{"rendered":"http:\/\/haksen.org.tr\/?p=3353"},"modified":"2016-03-23T12:00:00","modified_gmt":"2016-03-23T12:00:00","slug":"losev-konfederasyonumuzu-ziyaret-etti","status":"publish","type":"post","link":"https:\/\/haksen.org.tr\/?p=3353","title":{"rendered":"L\u00d6SEV konfederasyonumuzu ziyaret etti"},"content":{"rendered":"<p>Ziyarete, L\u00d6SEV ile konfederasyonumuzun birlikte yapabilece\u011fi \u00e7al\u0131\u015fmalar de\u011ferlendirildi.<\/p>\n","protected":false},"excerpt":{"rendered":"<p>L\u00f6semili \u00c7ocuklar Vakf\u0131 Genel Koordinat\u00f6r Yard\u0131mc\u0131s\u0131 Nurg\u00fcl \u00c7elebi , Genel Ba\u015fkan Ayhan \u00c7ivi&#8217;yi ziyaret etti.<\/p>\n","protected":false},"author":1,"featured_media":3354,"comment_status":"closed","ping_status":"open","sticky":false,"template":"","format":"standard","meta":{"footnotes":""},"categories":[],"tags":[],"class_list":["post-3353","post","type-post","status-publish","format-standard","has-post-thumbnail"],"_links":{"self":[{"href":"https:\/\/haksen.org.tr\/index.php?rest_route=\/wp\/v2\/posts\/3353","targetHints":{"allow":["GET"]}}],"collection":[{"href":"https:\/\/haksen.org.tr\/index.php?rest_route=\/wp\/v2\/posts"}],"about":[{"href":"https:\/\/haksen.org.tr\/index.php?rest_route=\/wp\/v2\/types\/post"}],"author":[{"embeddable":true,"href":"https:\/\/haksen.org.tr\/index.php?rest_route=\/wp\/v2\/users\/1"}],"replies":[{"embeddable":true,"href":"https:\/\/haksen.org.tr\/index.php?rest_route=%2Fwp%2Fv2%2Fcomments&post=3353"}],"version-history":[{"count":0,"href":"https:\/\/haksen.org.tr\/index.php?rest_route=\/wp\/v2\/posts\/3353\/revisions"}],"wp:featuredmedia":[{"embeddable":true,"href":"https:\/\/haksen.org.tr\/index.php?rest_route=\/wp\/v2\/media\/3354"}],"wp:attachment":[{"href":"https:\/\/haksen.org.tr\/index.php?rest_route=%2Fwp%2Fv2%2Fmedia&parent=3353"}],"wp:term":[{"taxonomy":"category","embeddable":true,"href":"https:\/\/haksen.org.tr\/index.php?rest_route=%2Fwp%2Fv2%2Fcategories&post=3353"},{"taxonomy":"post_tag","embeddable":true,"href":"https:\/\/haksen.org.tr\/index.php?rest_route=%2Fwp%2Fv2%2Ftags&post=3353"}],"curies":[{"name":"wp","href":"https:\/\/api.w.org\/{rel}","templated":true}]}}