{"id":3349,"date":"2016-03-19T12:00:00","date_gmt":"2016-03-19T12:00:00","guid":{"rendered":"http:\/\/haksen.org.tr\/?p=3349"},"modified":"2016-03-19T12:00:00","modified_gmt":"2016-03-19T12:00:00","slug":"teroru-lanetliyoruz","status":"publish","type":"post","link":"https:\/\/haksen.org.tr\/?p=3349","title":{"rendered":"Ter\u00f6r\u00fc Lanetliyoruz"},"content":{"rendered":"<p>\u00dclkemizin birli\u011fine, Milletimizin dirli\u011fine, Vatan\u0131m\u0131z\u0131n varl\u0131\u011f\u0131na ve insan\u0131m\u0131z\u0131n hayat\u0131na kasteden her t\u00fcrl\u00fc ter\u00f6r\u00fc lanetliyoruz.<\/p>\n<p>Sald\u0131r\u0131larda hayat\u0131n\u0131 kaybedenlere Allah&#8217;tan rahmet, yaral\u0131lara acil \u015fifalar dileriz.<\/p>\n<p>Ter\u00f6r hangi ama\u00e7la olursa olsun , kimden gelirse gelsin bir insanl\u0131k su\u00e7udur.<\/p>\n","protected":false},"excerpt":{"rendered":"<p>Ankara ve \u0130stanbul&#8217;da al\u00e7ak\u00e7a yap\u0131lan bombal\u0131 ter\u00f6r sald\u0131r\u0131lar\u0131n\u0131 lanetliyoruz<\/p>\n","protected":false},"author":1,"featured_media":3350,"comment_status":"closed","ping_status":"open","sticky":false,"template":"","format":"standard","meta":{"footnotes":""},"categories":[],"tags":[],"class_list":["post-3349","post","type-post","status-publish","format-standard","has-post-thumbnail"],"_links":{"self":[{"href":"https:\/\/haksen.org.tr\/index.php?rest_route=\/wp\/v2\/posts\/3349","targetHints":{"allow":["GET"]}}],"collection":[{"href":"https:\/\/haksen.org.tr\/index.php?rest_route=\/wp\/v2\/posts"}],"about":[{"href":"https:\/\/haksen.org.tr\/index.php?rest_route=\/wp\/v2\/types\/post"}],"author":[{"embeddable":true,"href":"https:\/\/haksen.org.tr\/index.php?rest_route=\/wp\/v2\/users\/1"}],"replies":[{"embeddable":true,"href":"https:\/\/haksen.org.tr\/index.php?rest_route=%2Fwp%2Fv2%2Fcomments&post=3349"}],"version-history":[{"count":0,"href":"https:\/\/haksen.org.tr\/index.php?rest_route=\/wp\/v2\/posts\/3349\/revisions"}],"wp:featuredmedia":[{"embeddable":true,"href":"https:\/\/haksen.org.tr\/index.php?rest_route=\/wp\/v2\/media\/3350"}],"wp:attachment":[{"href":"https:\/\/haksen.org.tr\/index.php?rest_route=%2Fwp%2Fv2%2Fmedia&parent=3349"}],"wp:term":[{"taxonomy":"category","embeddable":true,"href":"https:\/\/haksen.org.tr\/index.php?rest_route=%2Fwp%2Fv2%2Fcategories&post=3349"},{"taxonomy":"post_tag","embeddable":true,"href":"https:\/\/haksen.org.tr\/index.php?rest_route=%2Fwp%2Fv2%2Ftags&post=3349"}],"curies":[{"name":"wp","href":"https:\/\/api.w.org\/{rel}","templated":true}]}}