{"id":3346,"date":"2016-03-16T12:00:00","date_gmt":"2016-03-16T12:00:00","guid":{"rendered":"http:\/\/haksen.org.tr\/?p=3346"},"modified":"2016-03-16T12:00:00","modified_gmt":"2016-03-16T12:00:00","slug":"ak-partiye-ziyaret","status":"publish","type":"post","link":"https:\/\/haksen.org.tr\/?p=3346","title":{"rendered":"Ak Parti&#8217;ye Ziyaret"},"content":{"rendered":"<p>Ziyarete, Sa\u011fl\u0131k Hak-Sen Genel Ba\u015fkan\u0131 Selahattin Karaca, K\u00fclt\u00fcr Hak-Sen Genel Ba\u015fkan\u0131 Suna Bayram, Afad Hak-Sen Genel Ba\u015fkan\u0131 Durmu\u015f Arslanta\u015f ve E\u011fitim Hak-Sen Genel Ba\u015fkan Yard\u0131mc\u0131s\u0131 Y\u00fcksel G\u00f6kt\u00fcrk kat\u0131ld\u0131lar.<\/p>\n<p>Ak Parti Sivil Toplum ve Halkla \u0130li\u015fkiler Ba\u015fkan Yard\u0131mc\u0131l\u0131\u011f\u0131 g\u00f6revine getirilen say\u0131n Nevzat Yanmaz&#8217;\u0131 tebrik ederek , yeni g\u00f6revinde ba\u015far\u0131lar dileyen Haksen Genel Ba\u015fkan\u0131 Ayhan \u00c7ivi, sivil toplum ile siyasi partiler aras\u0131ndaki sa\u011fl\u0131kl\u0131 ileti\u015fimin \u00f6nemini vurgulad\u0131.<\/p>\n<p>Ak Parti Sivil Toplum ve Halkla \u0130li\u015fkiler Ba\u015fkan Yard\u0131mc\u0131s\u0131 say\u0131n Nevzat Yanmaz da ziyaret nedeniyle duydu\u011fu memnuniyeti belirterek, yap\u0131c\u0131 ve yol g\u00f6sterici her t\u00fcrl\u00fc \u00f6neri ve d\u00fc\u015f\u00fcncenin de\u011ferli oldu\u011funun alt\u0131n\u0131 \u00e7izdi.<\/p>\n<p>G\u00f6r\u00fc\u015fmede, \u00fclke g\u00fcndemine ili\u015fkin kar\u015f\u0131l\u0131kl\u0131 g\u00f6r\u00fc\u015f al\u0131\u015fveri\u015finde bulunuldu.<\/p>\n<h2 style='margin:20px 0;'>\u0130\u00e7erik Galerisi<\/h2>\n<p><img decoding=\"async\" src=\"wp-content\/uploads\/2016\/12\/979824494.JPG\" alt=\"Ak Parti'ye Ziyaret\" style=\"width:100%;\" \/><\/p>\n","protected":false},"excerpt":{"rendered":"<p>Haksen Genel Ba\u015fkan\u0131 Ayhan \u00c7ivi,  bir heyetle birlikte Ak Parti Sivil Toplum ve Halkla \u0130li\u015fkiler Ba\u015fkan Yard\u0131mc\u0131s\u0131 Nevzat Yanmaz&#8217;\u0131 ziyaret etti.<\/p>\n","protected":false},"author":1,"featured_media":3347,"comment_status":"closed","ping_status":"open","sticky":false,"template":"","format":"standard","meta":{"footnotes":""},"categories":[],"tags":[],"class_list":["post-3346","post","type-post","status-publish","format-standard","has-post-thumbnail"],"_links":{"self":[{"href":"https:\/\/haksen.org.tr\/index.php?rest_route=\/wp\/v2\/posts\/3346","targetHints":{"allow":["GET"]}}],"collection":[{"href":"https:\/\/haksen.org.tr\/index.php?rest_route=\/wp\/v2\/posts"}],"about":[{"href":"https:\/\/haksen.org.tr\/index.php?rest_route=\/wp\/v2\/types\/post"}],"author":[{"embeddable":true,"href":"https:\/\/haksen.org.tr\/index.php?rest_route=\/wp\/v2\/users\/1"}],"replies":[{"embeddable":true,"href":"https:\/\/haksen.org.tr\/index.php?rest_route=%2Fwp%2Fv2%2Fcomments&post=3346"}],"version-history":[{"count":0,"href":"https:\/\/haksen.org.tr\/index.php?rest_route=\/wp\/v2\/posts\/3346\/revisions"}],"wp:featuredmedia":[{"embeddable":true,"href":"https:\/\/haksen.org.tr\/index.php?rest_route=\/wp\/v2\/media\/3347"}],"wp:attachment":[{"href":"https:\/\/haksen.org.tr\/index.php?rest_route=%2Fwp%2Fv2%2Fmedia&parent=3346"}],"wp:term":[{"taxonomy":"category","embeddable":true,"href":"https:\/\/haksen.org.tr\/index.php?rest_route=%2Fwp%2Fv2%2Fcategories&post=3346"},{"taxonomy":"post_tag","embeddable":true,"href":"https:\/\/haksen.org.tr\/index.php?rest_route=%2Fwp%2Fv2%2Ftags&post=3346"}],"curies":[{"name":"wp","href":"https:\/\/api.w.org\/{rel}","templated":true}]}}