{"id":3338,"date":"2016-02-28T12:00:00","date_gmt":"2016-02-28T12:00:00","guid":{"rendered":"http:\/\/haksen.org.tr\/?p=3338"},"modified":"2016-02-28T12:00:00","modified_gmt":"2016-02-28T12:00:00","slug":"sehitlerimizi-anarak-teroru-lanetledik","status":"publish","type":"post","link":"https:\/\/haksen.org.tr\/?p=3338","title":{"rendered":"\u015eehitlerimizi Anarak Ter\u00f6r\u00fc Lanetledik"},"content":{"rendered":"<p>Haksen Genel Ba\u015fkan\u0131 Ayhan \u00c7ivi, beraberinde konfederasyona \u00fcye sendikalar\u0131n y\u00f6neticileriyle birlikte Ankara Merasim Sokak&#8217;ta yap\u0131lan hain sald\u0131r\u0131da \u015fehit edilen karde\u015flerimizin an\u0131s\u0131na karanfil b\u0131rakarak dua ettiler.<\/p>\n<p> &#8220;<a href=\"https:\/\/www.youtube.com\/watch?v=lchvtNb9chk\">  A\u00c7IKLAMAYI \u0130ZLEMEK \u0130\u00c7\u0130N TIKLAYINIZ<\/a>&#8221;<\/p>\n<p>Haksen Genel Ba\u015fkan\u0131 Ayhan \u00c7ivi, burada yapt\u0131\u011f\u0131 a\u00e7\u0131klamada; <\/p>\n<p>&#8220;\u015eehitlerimizi minnet ve \u015f\u00fckranla an\u0131yoruz. Ter\u00f6r hangi ama\u00e7la ve kimden gelirse gelsin bir insanl\u0131k su\u00e7udur, ter\u00f6r\u00fcn hedefi insanl\u0131kt\u0131r . Bu nedenle ter\u00f6r\u00fc en \u015fiddetli bir \u015fekilde lanetliyoruz, <\/p>\n<p>\u00dclkemizin birli\u011fine, Milletimizin dirli\u011fine, Vatan\u0131m\u0131z\u0131n varl\u0131\u011f\u0131na ve insan\u0131m\u0131z\u0131n can\u0131na kasteden bu al\u00e7aklara kar\u015f\u0131 da bizler kamu g\u00f6revlisi olarak vazifemizin bilincindeyiz.<\/p>\n<p>Bu vesileyle Ankara B\u00fcy\u00fck\u015fehir Belediyesine bir talebimizi iletiyoruz. \u015eehitlerimizin an\u0131s\u0131na sald\u0131r\u0131n\u0131n yap\u0131ld\u0131\u011f\u0131 &#8220;Merasim Soka\u011f\u0131n&#8221; ad\u0131n\u0131n &#8220;\u015eehitler Soka\u011f\u0131&#8221; olarak de\u011fi\u015ftirilmesini istiyoruz.&#8221; dedi.<\/p>\n<p>A\u00e7\u0131klaman\u0131n ard\u0131ndan dua okundu.<\/p>\n<h2 style='margin:20px 0;'>\u0130\u00e7erik Galerisi<\/h2>\n<p><img decoding=\"async\" src=\"wp-content\/uploads\/2016\/12\/853769940.jpg\" alt=\"\u015eehitlerimizi Anarak Ter\u00f6r\u00fc Lanetledik\" style=\"width:100%;\" \/><\/p>\n<p><img decoding=\"async\" src=\"wp-content\/uploads\/2016\/12\/445975952.jpg\" alt=\"\u015eehitlerimizi Anarak Ter\u00f6r\u00fc Lanetledik\" style=\"width:100%;\" \/><\/p>\n<p><img decoding=\"async\" src=\"wp-content\/uploads\/2016\/12\/580771378.jpg\" alt=\"\u015eehitlerimizi Anarak Ter\u00f6r\u00fc Lanetledik\" style=\"width:100%;\" \/><\/p>\n<p><img decoding=\"async\" src=\"wp-content\/uploads\/2016\/12\/721630301.jpg\" alt=\"\u015eehitlerimizi Anarak Ter\u00f6r\u00fc Lanetledik\" style=\"width:100%;\" \/><\/p>\n","protected":false},"excerpt":{"rendered":"<p>Haksen y\u00f6neticileri Ankara&#8217;da al\u00e7ak\u00e7a yap\u0131lan sald\u0131r\u0131da \u015fehit edilen karde\u015flerimizi karanfillerle anarak dua etti ve ter\u00f6r\u00fc lanetledi.<\/p>\n","protected":false},"author":1,"featured_media":3339,"comment_status":"closed","ping_status":"open","sticky":false,"template":"","format":"standard","meta":{"footnotes":""},"categories":[],"tags":[],"class_list":["post-3338","post","type-post","status-publish","format-standard","has-post-thumbnail"],"_links":{"self":[{"href":"https:\/\/haksen.org.tr\/index.php?rest_route=\/wp\/v2\/posts\/3338","targetHints":{"allow":["GET"]}}],"collection":[{"href":"https:\/\/haksen.org.tr\/index.php?rest_route=\/wp\/v2\/posts"}],"about":[{"href":"https:\/\/haksen.org.tr\/index.php?rest_route=\/wp\/v2\/types\/post"}],"author":[{"embeddable":true,"href":"https:\/\/haksen.org.tr\/index.php?rest_route=\/wp\/v2\/users\/1"}],"replies":[{"embeddable":true,"href":"https:\/\/haksen.org.tr\/index.php?rest_route=%2Fwp%2Fv2%2Fcomments&post=3338"}],"version-history":[{"count":0,"href":"https:\/\/haksen.org.tr\/index.php?rest_route=\/wp\/v2\/posts\/3338\/revisions"}],"wp:featuredmedia":[{"embeddable":true,"href":"https:\/\/haksen.org.tr\/index.php?rest_route=\/wp\/v2\/media\/3339"}],"wp:attachment":[{"href":"https:\/\/haksen.org.tr\/index.php?rest_route=%2Fwp%2Fv2%2Fmedia&parent=3338"}],"wp:term":[{"taxonomy":"category","embeddable":true,"href":"https:\/\/haksen.org.tr\/index.php?rest_route=%2Fwp%2Fv2%2Fcategories&post=3338"},{"taxonomy":"post_tag","embeddable":true,"href":"https:\/\/haksen.org.tr\/index.php?rest_route=%2Fwp%2Fv2%2Ftags&post=3338"}],"curies":[{"name":"wp","href":"https:\/\/api.w.org\/{rel}","templated":true}]}}