{"id":3336,"date":"2016-02-19T12:00:00","date_gmt":"2016-02-19T12:00:00","guid":{"rendered":"http:\/\/haksen.org.tr\/?p=3336"},"modified":"2016-02-19T12:00:00","modified_gmt":"2016-02-19T12:00:00","slug":"civi-toplu-sozlesme-hukumlerine-uyulmuyor","status":"publish","type":"post","link":"https:\/\/haksen.org.tr\/?p=3336","title":{"rendered":"\u00c7ivi: Toplu S\u00f6zle\u015fme H\u00fck\u00fcmlerine Uyulmuyor"},"content":{"rendered":"<p>\u00c7ivi programda;<\/p>\n<p>&#8211; Memurun i\u015f g\u00fcvencesinin neden k\u0131rm\u0131z\u0131 \u00e7izgimiz oldu\u011fu,<\/p>\n<p>-Toplu s\u00f6zle\u015fme h\u00fck\u00fcmlerine uyulmad\u0131\u011f\u0131n\u0131,<\/p>\n<p>-2005&#8217;den sonra i\u015fe giren memurlara 1 derece verilmesine ili\u015fkin uygulaman\u0131n 1 Ocak&#8217;tan itibaren uygulanmas\u0131 gerekti\u011fini,<\/p>\n<p>&#8211; Memursen Genel Ba\u015fkan\u0131 Ali Yal\u00e7\u0131n&#8217;\u0131n 25 A\u011fustos&#8217;ta Tvnet&#8217;te yapt\u0131\u011f\u0131 a\u00e7\u0131klaman\u0131n aksine yarg\u0131 karar\u0131 ile ek \u00f6deme alan 4\/C personelin ek \u00f6demelerinin kesilmesi nedeniyle \u00f6z\u00fcr dilemesi gerekti\u011fini belirtti. <\/p>\n<p>&#8220;<a href=\" https:\/\/www.youtube.com\/watch?v=sNxYYyCYbjI\">  PROGRAMI  \u0130ZLEMEK \u0130\u00c7\u0130N TIKLAYINIZ<\/a>&#8221;<\/p>\n","protected":false},"excerpt":{"rendered":"<p>Haksen Genel Ba\u015fkan\u0131 Ayhan \u00c7ivi, Kanal B&#8217;de kat\u0131ld\u0131\u011f\u0131 &#8220;G\u00fcncel&#8221; program\u0131nda \u00f6nemli a\u00e7\u0131klamalar yapt\u0131.<\/p>\n","protected":false},"author":1,"featured_media":3337,"comment_status":"closed","ping_status":"open","sticky":false,"template":"","format":"standard","meta":{"footnotes":""},"categories":[],"tags":[],"class_list":["post-3336","post","type-post","status-publish","format-standard","has-post-thumbnail"],"_links":{"self":[{"href":"https:\/\/haksen.org.tr\/index.php?rest_route=\/wp\/v2\/posts\/3336","targetHints":{"allow":["GET"]}}],"collection":[{"href":"https:\/\/haksen.org.tr\/index.php?rest_route=\/wp\/v2\/posts"}],"about":[{"href":"https:\/\/haksen.org.tr\/index.php?rest_route=\/wp\/v2\/types\/post"}],"author":[{"embeddable":true,"href":"https:\/\/haksen.org.tr\/index.php?rest_route=\/wp\/v2\/users\/1"}],"replies":[{"embeddable":true,"href":"https:\/\/haksen.org.tr\/index.php?rest_route=%2Fwp%2Fv2%2Fcomments&post=3336"}],"version-history":[{"count":0,"href":"https:\/\/haksen.org.tr\/index.php?rest_route=\/wp\/v2\/posts\/3336\/revisions"}],"wp:featuredmedia":[{"embeddable":true,"href":"https:\/\/haksen.org.tr\/index.php?rest_route=\/wp\/v2\/media\/3337"}],"wp:attachment":[{"href":"https:\/\/haksen.org.tr\/index.php?rest_route=%2Fwp%2Fv2%2Fmedia&parent=3336"}],"wp:term":[{"taxonomy":"category","embeddable":true,"href":"https:\/\/haksen.org.tr\/index.php?rest_route=%2Fwp%2Fv2%2Fcategories&post=3336"},{"taxonomy":"post_tag","embeddable":true,"href":"https:\/\/haksen.org.tr\/index.php?rest_route=%2Fwp%2Fv2%2Ftags&post=3336"}],"curies":[{"name":"wp","href":"https:\/\/api.w.org\/{rel}","templated":true}]}}