{"id":2703,"date":"2013-12-01T12:00:00","date_gmt":"2013-12-01T12:00:00","guid":{"rendered":"http:\/\/haksen.org.tr\/?p=2703"},"modified":"2013-12-01T12:00:00","modified_gmt":"2013-12-01T12:00:00","slug":"basarimizi-referans-gosteriyorlar-ama-nasil-","status":"publish","type":"post","link":"https:\/\/haksen.org.tr\/?p=2703","title":{"rendered":"Ba\u015far\u0131m\u0131z\u0131 Referans G\u00f6steriyorlar AMA NASIL !"},"content":{"rendered":"<p>Konfederasyonumuzun kuruldu\u011fu 15 Nisan 2008 tarihinden itibaren kamu \u00e7al\u0131\u015fanlar\u0131n\u0131n u\u011frad\u0131\u011f\u0131 ekonomik ve sosyal hak  ihlallerine kar\u015f\u0131 t\u00fcm imkanlar\u0131n\u0131 seferber ederek son derece samimi,ciddi,kararl\u0131 ve bilin\u00e7li bir \u015fekilde s\u00fcrd\u00fcrd\u00fc\u011f\u00fc hukuk m\u00fccadelesi sonucu elde etti\u011fi kazan\u0131mlar di\u011fer konfederasyonlar taraf\u0131ndan da referens olarak g\u00f6sterilmeye ba\u015fland\u0131.<\/p>\n<p>T\u00fcrkiye \u0130statisitk Kurumunda (T\u00dc\u0130K) 41 y\u0131ldan beri 4\/C stat\u00fcs\u00fcnde personel \u00e7al\u0131\u015ft\u0131r\u0131lmas\u0131na ra\u011fmen sendika hakk\u0131 ba\u015fta olmak \u00fczere hi\u00e7bir hakk\u0131n\u0131 kullanamayan 4\/C  personelin \u201csendika hakk\u0131n\u0131\u201d yarg\u0131 yoluyla teslim eden sendikam\u0131z ard arda yapt\u0131\u011f\u0131 ba\u015fvurularla 4\/C personelin pek \u00e7ok hak kayb\u0131na engel olmu\u015ftur.<\/p>\n<p>2011 y\u0131l\u0131  Ocak ay\u0131nda \u201cemeklili\u011fine hak kazand\u0131\u011f\u0131\u201d gerek\u00e7esiyle s\u00f6zle\u015fmesi yenilenmeyen T\u00dc\u0130K Bursa B\u00f6lge M\u00fcd\u00fcrl\u00fc\u011f\u00fcnde g\u00f6rev yapan sendika \u00fcyemiz Fatma M\u00fcrzao\u011flu ad\u0131na Hukuk M\u00fc\u015favirli\u011fimizin a\u00e7t\u0131\u011f\u0131 dava lehimize sonu\u00e7lanm\u0131\u015ft\u0131r. <\/p>\n<p>Mahkeme karar\u0131nda \u201cemeklili\u011fe hak kazanm\u0131\u015f olman\u0131n\u201d s\u00f6zle\u015fme yenilememe nedeni olamayaca\u011f\u0131 belirtilmi\u015ftir.<\/p>\n<p>Bu karar, y\u0131llard\u0131r ayn\u0131 i\u015fleme maruz kalan personel a\u00e7\u0131s\u0131ndan al\u0131nan ilk mahkeme karar\u0131d\u0131r.<\/p>\n<p>14 Kas\u0131m 2013 tarihinde T\u00fcrk E\u011fitim-Sen taraf\u0131ndan Devlet Personel Ba\u015fkanl\u0131\u011f\u0131na yapt\u0131\u011f\u0131 ba\u015fvuruda B\u00fcro Hak-Sen \u00fcyemiz Fatma Mirzao\u011flu ad\u0131na sendikam\u0131z taraf\u0131ndan yarg\u0131ya ba\u015fvuru sonucu kazan\u0131lan davan\u0131n mahkeme karar\u0131 ek olarak sunulmu\u015f ve haberin ekinde yay\u0131nlanm\u0131\u015ft\u0131r.<br \/>\nSendikam\u0131z\u0131n mahkeme karar\u0131 herhangi bir izin al\u0131nmadan veya kaynak g\u00f6sterilmeden kullan\u0131lm\u0131\u015ft\u0131r.<\/p>\n<p>Ancak, \u201c4\/C personelin hayr\u0131na yap\u0131lan her giri\u015fim sendikam\u0131z a\u00e7\u0131s\u0131ndan de\u011ferlidir\u201d d\u00fc\u015f\u00fcncesiyle buna bir itiraz\u0131m\u0131z olmaz.Buraya kadar olan i\u015flemlerde bizim a\u00e7\u0131m\u0131zdan herhangi bir sorun yoktur.<br \/>\nOlayda, sendikal anlamda  etik olmayan ve y\u00fczbinlerce \u00fcyesi oldu\u011funu her f\u0131rsatta dile getiren bir konfederasyona yak\u0131\u015fmayan ba\u015fka bir durum vard\u0131r.<\/p>\n<p>Mahkeme karar\u0131n\u0131n davac\u0131 ve vekili k\u0131sm\u0131n\u0131n \u00fczeri silinerek yay\u0131nlanm\u0131\u015f olmas\u0131d\u0131r.<\/p>\n<p>\u0130lgili link: (http:\/\/www.kamusen.org.tr\/haber_goster.php?Id=7400)<\/p>\n<p>Kamu \u00e7al\u0131\u015fanlar\u0131; sendikam\u0131z\u0131n 3 y\u0131l \u00f6nceki kazan\u0131m\u0131n\u0131 \u015fimdi referans g\u00f6stererek, \u201cyaz\u0131c\u0131l\u0131ktan\u201d \u00f6teye gidemeyenlerin  4\/C m\u00fccadelesinin neresinde olduklar\u0131n\u0131 g\u00f6rm\u00fc\u015f oldular.<\/p>\n<p>Hi\u00e7bir DAKS\u0130L veya ara\u00e7  sendikal m\u00fccadelemizin ve kazan\u0131mlar\u0131m\u0131z\u0131n \u00fczerini silemeyecektir. <\/p>\n<p>Zira, ayn\u0131 konuda \u201c\u00e7ok yeni\u201d bir yarg\u0131 karar\u0131n\u0131  yak\u0131nda buradan yay\u0131nlayaca\u011f\u0131z.<\/p>\n<p>Takdir  Kamu \u00c7al\u0131\u015fanlar\u0131n\u0131nd\u0131r.<\/p>\n","protected":false},"excerpt":{"rendered":"<p>Sendikam\u0131z\u0131n vermi\u015f oldu\u011fu hukuk m\u00fccadelesi sonucu  kamu \u00e7al\u0131\u015fanlar\u0131 ad\u0131na elde etti\u011fi kazan\u0131mlar di\u011fer sendikalarca referans g\u00f6steriliyor AMA NASIL ?<\/p>\n","protected":false},"author":1,"featured_media":2704,"comment_status":"closed","ping_status":"open","sticky":false,"template":"","format":"standard","meta":{"footnotes":""},"categories":[],"tags":[],"class_list":["post-2703","post","type-post","status-publish","format-standard","has-post-thumbnail"],"_links":{"self":[{"href":"https:\/\/haksen.org.tr\/index.php?rest_route=\/wp\/v2\/posts\/2703","targetHints":{"allow":["GET"]}}],"collection":[{"href":"https:\/\/haksen.org.tr\/index.php?rest_route=\/wp\/v2\/posts"}],"about":[{"href":"https:\/\/haksen.org.tr\/index.php?rest_route=\/wp\/v2\/types\/post"}],"author":[{"embeddable":true,"href":"https:\/\/haksen.org.tr\/index.php?rest_route=\/wp\/v2\/users\/1"}],"replies":[{"embeddable":true,"href":"https:\/\/haksen.org.tr\/index.php?rest_route=%2Fwp%2Fv2%2Fcomments&post=2703"}],"version-history":[{"count":0,"href":"https:\/\/haksen.org.tr\/index.php?rest_route=\/wp\/v2\/posts\/2703\/revisions"}],"wp:featuredmedia":[{"embeddable":true,"href":"https:\/\/haksen.org.tr\/index.php?rest_route=\/wp\/v2\/media\/2704"}],"wp:attachment":[{"href":"https:\/\/haksen.org.tr\/index.php?rest_route=%2Fwp%2Fv2%2Fmedia&parent=2703"}],"wp:term":[{"taxonomy":"category","embeddable":true,"href":"https:\/\/haksen.org.tr\/index.php?rest_route=%2Fwp%2Fv2%2Fcategories&post=2703"},{"taxonomy":"post_tag","embeddable":true,"href":"https:\/\/haksen.org.tr\/index.php?rest_route=%2Fwp%2Fv2%2Ftags&post=2703"}],"curies":[{"name":"wp","href":"https:\/\/api.w.org\/{rel}","templated":true}]}}