{"id":2701,"date":"2013-11-29T12:00:00","date_gmt":"2013-11-29T12:00:00","guid":{"rendered":"http:\/\/haksen.org.tr\/?p=2701"},"modified":"2013-11-29T12:00:00","modified_gmt":"2013-11-29T12:00:00","slug":"4-clinin-calisma-suresi-hakkinda-basvuru","status":"publish","type":"post","link":"https:\/\/haksen.org.tr\/?p=2701","title":{"rendered":"4\/C&#8217;linin \u00c7al\u0131\u015fma S\u00fcresi Hakk\u0131nda Ba\u015fvuru"},"content":{"rendered":"<p>Devlet Personel Ba\u015fkanl\u0131\u011f\u0131na yap\u0131lan ba\u015fvuruda;<\/p>\n<p>&#8220;20.12.2012 tarih ve 2012\/4092 say\u0131l\u0131 Bakanlar Kurulu karar\u0131 eki Kamu Kurum Ve Kurulu\u015flar\u0131ndaki Ge\u00e7ici Mahiyetteki \u0130\u015fleri Y\u00fcr\u00fctmek \u00dczere Ge\u00e7ici Personel \u0130stihdam\u0131 Ve Bu Personele \u00d6denecek \u00dccretler Hakk\u0131nda Karar\u0131n birinci maddesinde;<\/p>\n<p>MADDE 1- (1) Bu Karar\u0131n amac\u0131, kamu kurum ve kurulu\u015flar\u0131ndaki ge\u00e7ici mahiyetteki i\u015fleri y\u00fcr\u00fctmek \u00fczere ekli listede kurumu, adedi ve s\u00f6zle\u015fme s\u00fcresi belirtilen azami (47.000) ki\u015finin; 3\/5\/2004 tarihli ve 2004\/7898 say\u0131l\u0131 Kararname ile y\u00fcr\u00fcrl\u00fc\u011fe konulan &#8220;\u00d6zelle\u015ftirme Uygulamalar\u0131 Sonucunda \u0130\u015fsiz Kalan ve Bilahare \u0130\u015fsiz Kalacak Olan \u0130\u015f\u00e7ilerin Di\u011fer Kamu Kurum ve Kurulu\u015flar\u0131nda Ge\u00e7ici Personel Stat\u00fcs\u00fcnde \u0130stihdam Edilmelerine \u0130li\u015fkin Esaslar&#8221; \u00e7er\u00e7evesinde, bir mali y\u0131lda 11 ay 28 g\u00fcn\u00fc ge\u00e7memek \u00fczere, 14\/7\/1965 tarihli ve 657 say\u0131l\u0131 Devlet Memurlar\u0131 Kanununun 4 \u00fcnc\u00fc maddesinin (C) f\u0131kras\u0131na g\u00f6re, 2013 y\u0131l\u0131nda ge\u00e7ici personel olarak s\u00f6zle\u015fmeli \u00e7al\u0131\u015ft\u0131r\u0131lmas\u0131na ili\u015fkin usul ve esaslar\u0131n belirlenmesidir.<br \/>\ndenilmektedir. <\/p>\n<p>Ancak, baz\u0131 kamu kurum ve kurulu\u015flar\u0131 an\u0131lan karar uyar\u0131nca istihdam edilen ge\u00e7ici personeli yeni y\u0131lda g\u00f6revine ge\u00e7 ba\u015flatmak suretiyle bir mali y\u0131lda 11 ay 28 g\u00fcnden daha az s\u00fcrede \u00e7al\u0131\u015ft\u0131r\u0131lmakta ve ayn\u0131 stat\u00fcde g\u00f6rev yapan ge\u00e7ici personelin bir k\u0131sm\u0131 a\u00e7\u0131s\u0131ndan hak kayb\u0131 meydana gelmektedir.<\/p>\n<p>S\u00f6z konusu personelin ma\u011fduriyetinin giderilmesi i\u00e7in kamu kurum ve kurulu\u015flar\u0131 aras\u0131nda ilgili karara g\u00f6re uygulama birli\u011finin sa\u011flanmas\u0131 hususunda gere\u011fini arz ve talep ederiz.&#8221;<\/p>\n<p>denildi.<\/p>\n","protected":false},"excerpt":{"rendered":"<p>4\/C personelin Bakanlar Kurulu karar\u0131 uyar\u0131nca bir y\u0131lda 11 ay 28 g\u00fcnden az  \u00e7al\u0131\u015ft\u0131r\u0131lmamas\u0131 i\u00e7in Devlet Personel Ba\u015fkanl\u0131\u011f\u0131na ba\u015fvuru yap\u0131lm\u0131\u015ft\u0131r.<\/p>\n","protected":false},"author":1,"featured_media":2702,"comment_status":"closed","ping_status":"open","sticky":false,"template":"","format":"standard","meta":{"footnotes":""},"categories":[],"tags":[],"class_list":["post-2701","post","type-post","status-publish","format-standard","has-post-thumbnail"],"_links":{"self":[{"href":"https:\/\/haksen.org.tr\/index.php?rest_route=\/wp\/v2\/posts\/2701","targetHints":{"allow":["GET"]}}],"collection":[{"href":"https:\/\/haksen.org.tr\/index.php?rest_route=\/wp\/v2\/posts"}],"about":[{"href":"https:\/\/haksen.org.tr\/index.php?rest_route=\/wp\/v2\/types\/post"}],"author":[{"embeddable":true,"href":"https:\/\/haksen.org.tr\/index.php?rest_route=\/wp\/v2\/users\/1"}],"replies":[{"embeddable":true,"href":"https:\/\/haksen.org.tr\/index.php?rest_route=%2Fwp%2Fv2%2Fcomments&post=2701"}],"version-history":[{"count":0,"href":"https:\/\/haksen.org.tr\/index.php?rest_route=\/wp\/v2\/posts\/2701\/revisions"}],"wp:featuredmedia":[{"embeddable":true,"href":"https:\/\/haksen.org.tr\/index.php?rest_route=\/wp\/v2\/media\/2702"}],"wp:attachment":[{"href":"https:\/\/haksen.org.tr\/index.php?rest_route=%2Fwp%2Fv2%2Fmedia&parent=2701"}],"wp:term":[{"taxonomy":"category","embeddable":true,"href":"https:\/\/haksen.org.tr\/index.php?rest_route=%2Fwp%2Fv2%2Fcategories&post=2701"},{"taxonomy":"post_tag","embeddable":true,"href":"https:\/\/haksen.org.tr\/index.php?rest_route=%2Fwp%2Fv2%2Ftags&post=2701"}],"curies":[{"name":"wp","href":"https:\/\/api.w.org\/{rel}","templated":true}]}}