{"id":2699,"date":"2013-11-24T12:00:00","date_gmt":"2013-11-24T12:00:00","guid":{"rendered":"http:\/\/haksen.org.tr\/?p=2699"},"modified":"2013-11-24T12:00:00","modified_gmt":"2013-11-24T12:00:00","slug":"golcukten-haksene-katilim","status":"publish","type":"post","link":"https:\/\/haksen.org.tr\/?p=2699","title":{"rendered":"G\u00f6lc\u00fck&#8217;ten Haksen&#8217;e Kat\u0131l\u0131m"},"content":{"rendered":"<p>Genel Ba\u015fkan Ayhan \u00c7ivi;  Davet \u00fczerine  E\u011fitim Hak-Sen Genel Ba\u015fkan\u0131 Hanif i G\u00f6k\u00e7ek, Sa\u011fl\u0131k Hak-Sen Genel Ba\u015fkan\u0131 Selahattin Karaca ve Haksen Te\u015fkilat Koordinat\u00f6r\u00fc \u0130smet Ta\u015f&#8217;la birlikte G\u00f6lc\u00fck&#8217;e giderek, sendikam\u0131za kat\u0131lan personelle g\u00f6r\u00fc\u015ft\u00fc.<\/p>\n<p>Sendikam\u0131z\u0131n yapt\u0131\u011f\u0131 \u00e7al\u0131\u015fmalar hakk\u0131nda detayl\u0131 bilgiler veren Genel Ba\u015fkan Ayhan \u00c7ivi, kat\u0131l\u0131m nedeniyle personele te\u015fekk\u00fcr etti.<\/p>\n","protected":false},"excerpt":{"rendered":"<p>G\u00f6lc\u00fck&#8217;teki \u00e7e\u015fitli kamu kurumlar\u0131nda 4\/C stat\u00fcs\u00fcnde g\u00f6rev yapan personel Haksen&#8217;e kat\u0131ld\u0131. <\/p>\n","protected":false},"author":1,"featured_media":2700,"comment_status":"closed","ping_status":"open","sticky":false,"template":"","format":"standard","meta":{"footnotes":""},"categories":[],"tags":[],"class_list":["post-2699","post","type-post","status-publish","format-standard","has-post-thumbnail"],"_links":{"self":[{"href":"https:\/\/haksen.org.tr\/index.php?rest_route=\/wp\/v2\/posts\/2699","targetHints":{"allow":["GET"]}}],"collection":[{"href":"https:\/\/haksen.org.tr\/index.php?rest_route=\/wp\/v2\/posts"}],"about":[{"href":"https:\/\/haksen.org.tr\/index.php?rest_route=\/wp\/v2\/types\/post"}],"author":[{"embeddable":true,"href":"https:\/\/haksen.org.tr\/index.php?rest_route=\/wp\/v2\/users\/1"}],"replies":[{"embeddable":true,"href":"https:\/\/haksen.org.tr\/index.php?rest_route=%2Fwp%2Fv2%2Fcomments&post=2699"}],"version-history":[{"count":0,"href":"https:\/\/haksen.org.tr\/index.php?rest_route=\/wp\/v2\/posts\/2699\/revisions"}],"wp:featuredmedia":[{"embeddable":true,"href":"https:\/\/haksen.org.tr\/index.php?rest_route=\/wp\/v2\/media\/2700"}],"wp:attachment":[{"href":"https:\/\/haksen.org.tr\/index.php?rest_route=%2Fwp%2Fv2%2Fmedia&parent=2699"}],"wp:term":[{"taxonomy":"category","embeddable":true,"href":"https:\/\/haksen.org.tr\/index.php?rest_route=%2Fwp%2Fv2%2Fcategories&post=2699"},{"taxonomy":"post_tag","embeddable":true,"href":"https:\/\/haksen.org.tr\/index.php?rest_route=%2Fwp%2Fv2%2Ftags&post=2699"}],"curies":[{"name":"wp","href":"https:\/\/api.w.org\/{rel}","templated":true}]}}