{"id":2695,"date":"2013-11-24T12:00:00","date_gmt":"2013-11-24T12:00:00","guid":{"rendered":"http:\/\/haksen.org.tr\/?p=2695"},"modified":"2013-11-24T12:00:00","modified_gmt":"2013-11-24T12:00:00","slug":"acil-afet-egitim-merkezinde-toplanti","status":"publish","type":"post","link":"https:\/\/haksen.org.tr\/?p=2695","title":{"rendered":"Acil Afet E\u011fitim Merkezinde Toplant\u0131"},"content":{"rendered":"<p>Genel Ba\u015fkan Ayhan \u00c7ivi;  E\u011fitim Hak-Sen Genel Ba\u015fkan\u0131 Hanifi G\u00f6k\u00e7ek, Sa\u011fl\u0131k Hak-Sen Genel Ba\u015fkan\u0131 Selahattin Karaca ve E\u011fitim Hak-Sen Ankara 1 Nolu \u015eube Ba\u015fkan\u0131 \u00dcmit \u015eeref Yar\u0131c\u0131 ile birlikte  \u00e7e\u015fitli illerden  gelerek Ankara&#8217;da bulunan Acil Afet E\u011fitim Merkezinde e\u011fitime kat\u0131lan kursiyerleri ziyaret etti.<\/p>\n<p>E\u011fitim Merkezi Kafeteryas\u0131nda yap\u0131lan toplant\u0131da konu\u015fan Genel Ba\u015fkan Ayhan \u00c7ivi, Acil Afet personelinin sorunlar\u0131n\u0131n \u00e7ok iyi bildiklerini ve \u00e7\u00f6z\u00fcm konusunda da samimi bir gayret i\u00e7erisinde olduklar\u0131n\u0131 s\u00f6yledi.<\/p>\n<p>\u00c7ivi, personelin iletti\u011fi sorular\u0131 da detayl\u0131 a\u00e7\u0131klamalarla cevapland\u0131rd\u0131.<\/p>\n<h2 style='margin:20px 0;'>\u0130\u00e7erik Galerisi<\/h2>\n<p><img decoding=\"async\" src=\"wp-content\/uploads\/2016\/12\/301473319.jpg\" alt=\"Acil Afet E\u011fitim Merkezinde Toplant\u0131\" style=\"width:100%;\" \/><\/p>\n<p><img decoding=\"async\" src=\"wp-content\/uploads\/2016\/12\/789629215.jpg\" alt=\"Acil Afet E\u011fitim Merkezinde Toplant\u0131\" style=\"width:100%;\" \/><\/p>\n","protected":false},"excerpt":{"rendered":"<p>Genel Ba\u015fkan Ayhan \u00c7ivi, Ankara&#8217;da bulunan Acil Afet E\u011fitim Merkezinde kursiyerleri ziyaret ederek sorunlar\u0131n\u0131 dinledi<\/p>\n","protected":false},"author":1,"featured_media":2696,"comment_status":"closed","ping_status":"open","sticky":false,"template":"","format":"standard","meta":{"footnotes":""},"categories":[],"tags":[],"class_list":["post-2695","post","type-post","status-publish","format-standard","has-post-thumbnail"],"_links":{"self":[{"href":"https:\/\/haksen.org.tr\/index.php?rest_route=\/wp\/v2\/posts\/2695","targetHints":{"allow":["GET"]}}],"collection":[{"href":"https:\/\/haksen.org.tr\/index.php?rest_route=\/wp\/v2\/posts"}],"about":[{"href":"https:\/\/haksen.org.tr\/index.php?rest_route=\/wp\/v2\/types\/post"}],"author":[{"embeddable":true,"href":"https:\/\/haksen.org.tr\/index.php?rest_route=\/wp\/v2\/users\/1"}],"replies":[{"embeddable":true,"href":"https:\/\/haksen.org.tr\/index.php?rest_route=%2Fwp%2Fv2%2Fcomments&post=2695"}],"version-history":[{"count":0,"href":"https:\/\/haksen.org.tr\/index.php?rest_route=\/wp\/v2\/posts\/2695\/revisions"}],"wp:featuredmedia":[{"embeddable":true,"href":"https:\/\/haksen.org.tr\/index.php?rest_route=\/wp\/v2\/media\/2696"}],"wp:attachment":[{"href":"https:\/\/haksen.org.tr\/index.php?rest_route=%2Fwp%2Fv2%2Fmedia&parent=2695"}],"wp:term":[{"taxonomy":"category","embeddable":true,"href":"https:\/\/haksen.org.tr\/index.php?rest_route=%2Fwp%2Fv2%2Fcategories&post=2695"},{"taxonomy":"post_tag","embeddable":true,"href":"https:\/\/haksen.org.tr\/index.php?rest_route=%2Fwp%2Fv2%2Ftags&post=2695"}],"curies":[{"name":"wp","href":"https:\/\/api.w.org\/{rel}","templated":true}]}}